{"id":70869,"date":"2026-02-23T07:34:51","date_gmt":"2026-02-23T06:34:51","guid":{"rendered":"https:\/\/www.arcusin.com\/?p=70869"},"modified":"2026-02-26T10:33:03","modified_gmt":"2026-02-26T09:33:03","slug":"fima-2026-arcusin","status":"publish","type":"post","link":"https:\/\/www.arcusin.com\/fr\/fima-2026-arcusin\/","title":{"rendered":"Arcusin \u00e0 FIMA 2026\u00a0: 50 ans aux c\u00f4t\u00e9s de ceux qui nourrissent le monde"},"content":{"rendered":"<div class=\"flex flex-col text-sm\">\n<article class=\"text-token-text-primary w-full focus:outline-none [--shadow-height:45px] has-data-writing-block:pointer-events-none has-data-writing-block:-mt-(--shadow-height) has-data-writing-block:pt-(--shadow-height) [&amp;:has([data-writing-block])&gt;*]:pointer-events-auto scroll-mt-[calc(var(--header-height)+min(200px,max(70px,20svh)))]\" dir=\"auto\" tabindex=\"-1\" data-turn-id=\"request-WEB:6c7471ba-6cc2-4f2a-892f-ed0352c28f97-7\" data-testid=\"conversation-turn-14\" data-scroll-anchor=\"true\" data-turn=\"assistant\">\n<div class=\"text-base my-auto mx-auto pb-10 [--thread-content-margin:--spacing(4)] @w-sm\/main:[--thread-content-margin:--spacing(6)] @w-lg\/main:[--thread-content-margin:--spacing(16)] px-(--thread-content-margin)\">\n<div class=\"[--thread-content-max-width:40rem] @w-lg\/main:[--thread-content-max-width:48rem] mx-auto max-w-(--thread-content-max-width) flex-1 group\/turn-messages focus-visible:outline-hidden relative flex w-full min-w-0 flex-col agent-turn\" tabindex=\"-1\">En 2026, Arcusin a particip\u00e9 au Salon international des machinistes agricoles (FIMA) <strong>pour c\u00e9l\u00e9brer son 50e anniversaire aux c\u00f4t\u00e9s de ceux qui nourrissent le monde<\/strong>. Le FIMA s&rsquo;est tenu du 10 au 14 f\u00e9vrier au parc des expositions de Saragosse et a d\u00e9pass\u00e9 les attentes des ann\u00e9es pr\u00e9c\u00e9dentes avec plus de 187\u00a0875 visiteurs et 638 exposants venus de plus de 35 pays. Le salon a cl\u00f4tur\u00e9 sa 44e \u00e9dition sur un succ\u00e8s retentissant en termes de fr\u00e9quentation, confirmant son statut de r\u00e9f\u00e9rence en mati\u00e8re d&rsquo;innovation et de transformation technologique dans le secteur agricole. Ce salon, le plus important d&rsquo;Espagne, a \u00e9t\u00e9 le cadre id\u00e9al pour renouer avec les agriculteurs de notre pays et leur t\u00e9moigner notre reconnaissance pour leur travail quotidien.<\/div>\n<\/div>\n<\/article>\n<\/div>\n<div tabindex=\"-1\">\n<p>Durant le salon, notre stand a connu une forte affluence de visiteurs et de clients. Nos machines agricoles sp\u00e9cialis\u00e9es ont suscit\u00e9 un vif int\u00e9r\u00eat, notamment gr\u00e2ce \u00e0 une gamme innovante qui touche d\u00e9sormais un public beaucoup plus large et diversifi\u00e9\u00a0: nos <a href=\"https:\/\/www.arcusin.com\/fr\/secoueurs-de-fruits-secs-et-dolives\/\" target=\"_blank\" rel=\"noopener\">vibrateurs<\/a> pour noix et olives, avec les mod\u00e8les <a href=\"https:\/\/www.arcusin.com\/fr\/products\/autopick-gti\/\" target=\"_blank\" rel=\"noopener\">AutoPick GTi<\/a> et <a href=\"https:\/\/www.arcusin.com\/fr\/products\/autopick-mt\/\" target=\"_blank\" rel=\"noopener\">AutoPick MT<\/a>. Notre \u00e9quipe commerciale \u00e9tait pr\u00e9sente chaque jour du salon, r\u00e9pondant aux questions des visiteurs, rencontrant de nouveaux clients et comprenant leurs besoins, saluant les clients habituels et \u00e9voquant les campagnes pr\u00e9c\u00e9dentes et les succ\u00e8s des machines vendues.<\/p>\n<div id='gallery-1' class='gallery galleryid-70869 gallery-columns-3 gallery-size-large'><figure class='gallery-item'>\n\t\t\t<div class='gallery-icon landscape'>\n\t\t\t\t<img loading=\"lazy\" decoding=\"async\" width=\"800\" height=\"601\" src=\"https:\/\/www.arcusin.com\/wp-content\/uploads\/2026\/02\/fima_2026_equipo_comercial-3-3-1024x769.jpg\" class=\"attachment-large size-large\" alt=\"\" srcset=\"https:\/\/www.arcusin.com\/wp-content\/uploads\/2026\/02\/fima_2026_equipo_comercial-3-3-1024x769.jpg 1024w, https:\/\/www.arcusin.com\/wp-content\/uploads\/2026\/02\/fima_2026_equipo_comercial-3-3-300x225.jpg 300w, https:\/\/www.arcusin.com\/wp-content\/uploads\/2026\/02\/fima_2026_equipo_comercial-3-3-768x577.jpg 768w, https:\/\/www.arcusin.com\/wp-content\/uploads\/2026\/02\/fima_2026_equipo_comercial-3-3-600x451.jpg 600w, https:\/\/www.arcusin.com\/wp-content\/uploads\/2026\/02\/fima_2026_equipo_comercial-3-3.jpg 1080w\" sizes=\"auto, (max-width: 800px) 100vw, 800px\" \/>\n\t\t\t<\/div><\/figure><figure class='gallery-item'>\n\t\t\t<div class='gallery-icon landscape'>\n\t\t\t\t<img loading=\"lazy\" decoding=\"async\" width=\"800\" height=\"601\" src=\"https:\/\/www.arcusin.com\/wp-content\/uploads\/2026\/02\/fima_2026_equipo_comercial-1-3-1024x769.jpg\" class=\"attachment-large size-large\" alt=\"\" srcset=\"https:\/\/www.arcusin.com\/wp-content\/uploads\/2026\/02\/fima_2026_equipo_comercial-1-3-1024x769.jpg 1024w, https:\/\/www.arcusin.com\/wp-content\/uploads\/2026\/02\/fima_2026_equipo_comercial-1-3-300x225.jpg 300w, https:\/\/www.arcusin.com\/wp-content\/uploads\/2026\/02\/fima_2026_equipo_comercial-1-3-768x577.jpg 768w, https:\/\/www.arcusin.com\/wp-content\/uploads\/2026\/02\/fima_2026_equipo_comercial-1-3-600x451.jpg 600w, https:\/\/www.arcusin.com\/wp-content\/uploads\/2026\/02\/fima_2026_equipo_comercial-1-3.jpg 1080w\" sizes=\"auto, (max-width: 800px) 100vw, 800px\" \/>\n\t\t\t<\/div><\/figure><figure class='gallery-item'>\n\t\t\t<div class='gallery-icon landscape'>\n\t\t\t\t<img loading=\"lazy\" decoding=\"async\" width=\"800\" height=\"600\" src=\"https:\/\/www.arcusin.com\/wp-content\/uploads\/2026\/02\/fima_2026_equipo_comercial-2-3-1024x768.jpg\" class=\"attachment-large size-large\" alt=\"\" srcset=\"https:\/\/www.arcusin.com\/wp-content\/uploads\/2026\/02\/fima_2026_equipo_comercial-2-3-1024x768.jpg 1024w, https:\/\/www.arcusin.com\/wp-content\/uploads\/2026\/02\/fima_2026_equipo_comercial-2-3-300x225.jpg 300w, https:\/\/www.arcusin.com\/wp-content\/uploads\/2026\/02\/fima_2026_equipo_comercial-2-3-768x576.jpg 768w, https:\/\/www.arcusin.com\/wp-content\/uploads\/2026\/02\/fima_2026_equipo_comercial-2-3-600x450.jpg 600w, https:\/\/www.arcusin.com\/wp-content\/uploads\/2026\/02\/fima_2026_equipo_comercial-2-3.jpg 1080w\" sizes=\"auto, (max-width: 800px) 100vw, 800px\" \/>\n\t\t\t<\/div><\/figure>\n\t\t<\/div>\n\n<\/div>\n<h3 data-start=\"435\" data-end=\"501\">IFM\u00a0: La technologie au service de l\u2019agriculture<\/h3>\n<p><img loading=\"lazy\" decoding=\"async\" class=\"wp-image-70861 aligncenter\" src=\"https:\/\/www.arcusin.com\/wp-content\/uploads\/2026\/02\/FIMA_2026_arcusin_Ifm_colaboracion_2.jpg\" alt=\"\" width=\"800\" height=\"493\" srcset=\"https:\/\/www.arcusin.com\/wp-content\/uploads\/2026\/02\/FIMA_2026_arcusin_Ifm_colaboracion_2.jpg 987w, https:\/\/www.arcusin.com\/wp-content\/uploads\/2026\/02\/FIMA_2026_arcusin_Ifm_colaboracion_2-300x185.jpg 300w, https:\/\/www.arcusin.com\/wp-content\/uploads\/2026\/02\/FIMA_2026_arcusin_Ifm_colaboracion_2-768x473.jpg 768w, https:\/\/www.arcusin.com\/wp-content\/uploads\/2026\/02\/FIMA_2026_arcusin_Ifm_colaboracion_2-600x370.jpg 600w\" sizes=\"auto, (max-width: 800px) 100vw, 800px\" \/><\/p>\n<p>Au salon FIMA, Arcusin a renforc\u00e9 son alliance technologique avec <a href=\"https:\/\/www.ifm.com\/my\/en\/shared\/successstories\/reports\/arcusin\" target=\"_blank\" rel=\"noopener\">IFM<\/a>, leader des technologies de contr\u00f4le intelligent et de capteurs. Cette collaboration int\u00e8gre des syst\u00e8mes de surveillance avanc\u00e9s, des joysticks et des capteurs \u00e0 nos machines agricoles, garantissant un contr\u00f4le pr\u00e9cis, s\u00fbr et intuitif, et am\u00e9liorant ainsi la disponibilit\u00e9 et les performances op\u00e9rationnelles sur le terrain.<\/p>\n<p>Durant le salon, nous souhaitions mettre en avant le potentiel de ce syst\u00e8me de contr\u00f4le intelligent. Quoi de mieux, pour cela, que de l&rsquo;int\u00e9grer \u00e0 nos machines expos\u00e9es\u00a0? C&rsquo;est ainsi que l&rsquo;<a href=\"https:\/\/www.arcusin.com\/fr\/products\/autostack-xp\/\" target=\"_blank\" rel=\"noopener\">AutoStack XP<\/a> et le <a href=\"https:\/\/www.arcusin.com\/fr\/products\/multipack\/\" target=\"_blank\" rel=\"noopener\">MultiPack<\/a> ont \u00e9t\u00e9 pr\u00e9sent\u00e9s avec un \u00e9cran interactif activ\u00e9, permettant aux visiteurs de tester le syst\u00e8me, de d\u00e9couvrir ses fonctionnalit\u00e9s et d&rsquo;appr\u00e9cier concr\u00e8tement le niveau de contr\u00f4le et de pr\u00e9cision offert par le nouvel \u00e9cran tactile intelligent de 7 pouces. Acc\u00e9dez d\u00e9sormais \u00e0 des informations en temps r\u00e9el gr\u00e2ce aux compteurs, aux journaux d&rsquo;activit\u00e9, aux diagnostics et aux alertes automatiques, le tout depuis une interface unique.<\/p>\n<h3 data-start=\"881\" data-end=\"940\">Pr\u00e9-campagnes : pr\u00e9paration essentielle \u00e0 la campagne agricole<\/h3>\n<p><center><iframe loading=\"lazy\" title=\"YouTube video player\" src=\"https:\/\/www.youtube.com\/embed\/tKZk2NBpXz4?si=n-XMtPdpUpUDIcay\" width=\"800\" height=\"600\" frameborder=\"0\" allowfullscreen=\"allowfullscreen\"><span data-mce-type=\"bookmark\" style=\"display: inline-block; width: 0px; overflow: hidden; line-height: 0;\" class=\"mce_SELRES_start\">\ufeff<\/span><span data-mce-type=\"bookmark\" style=\"display: inline-block; width: 0px; overflow: hidden; line-height: 0;\" class=\"mce_SELRES_start\">\ufeff<\/span><\/iframe><\/center>L&rsquo;un des services phares du salon \u00e9tait notre service exclusif de <a href=\"https:\/\/www.arcusin.com\/fr\/baling-season\/\" target=\"_blank\" rel=\"noopener\">maintenance pr\u00e9-saison<\/a>, con\u00e7u pour garantir le succ\u00e8s de la saison \u00e0 venir et permettre aux agriculteurs de disposer de machines pr\u00eates avant le d\u00e9but des r\u00e9coltes. Ce service leur permet d&rsquo;inspecter, de r\u00e9gler et de pr\u00e9parer leur mat\u00e9riel, assurant ainsi des performances optimales et r\u00e9duisant les risques d&rsquo;immobilisation durant la saison 2026, tout en prolongeant la dur\u00e9e de vie des machines.<\/p>\n<h2>\u00c9v\u00e9nement institutionnel avec AGRAGEX\u00a0: renforcer les liens<\/h2>\n<p>Lors du salon de Saragosse, <a href=\"https:\/\/agragex.es\/fr\/\" target=\"_blank\" rel=\"noopener\">AGRAGEX<\/a>, l&rsquo;Association espagnole des fabricants et exportateurs de machines agricoles, a tenu son Assembl\u00e9e g\u00e9n\u00e9rale. Cette r\u00e9union a permis d&rsquo;\u00e9changer des connaissances et des exp\u00e9riences et de renforcer la coop\u00e9ration entre entreprises et associations afin de continuer \u00e0 stimuler l&rsquo;innovation et la productivit\u00e9 dans le secteur agricole.<\/p>\n<p>Ce fut \u00e9galement une journ\u00e9e particuli\u00e8rement enrichissante, propice aux \u00e9changes d&rsquo;id\u00e9es et \u00e0 la convivialit\u00e9 avec nos coll\u00e8gues du secteur. Ce moment a renforc\u00e9 les liens au sein de la fili\u00e8re et consolid\u00e9 une vision commune ax\u00e9e sur la croissance et l&rsquo;am\u00e9lioration continue.<\/p>\n<h2>Les vibrateurs Arcusin se sont distingu\u00e9s au salon FIMA par leur efficacit\u00e9 et leur fiabilit\u00e9<\/h2>\n<div id='gallery-2' class='gallery galleryid-70869 gallery-columns-3 gallery-size-large'><figure class='gallery-item'>\n\t\t\t<div class='gallery-icon landscape'>\n\t\t\t\t<a href=\"https:\/\/www.arcusin.com\/fr\/fima-2026-arcusin\/fima_arcusin_2026_50_aniversario_0-8\/\"><img loading=\"lazy\" decoding=\"async\" width=\"800\" height=\"600\" src=\"https:\/\/www.arcusin.com\/wp-content\/uploads\/2026\/02\/FIMA_Arcusin_2026_50_aniversario_0-8-1024x768.png\" class=\"attachment-large size-large\" alt=\"\" srcset=\"https:\/\/www.arcusin.com\/wp-content\/uploads\/2026\/02\/FIMA_Arcusin_2026_50_aniversario_0-8-1024x768.png 1024w, https:\/\/www.arcusin.com\/wp-content\/uploads\/2026\/02\/FIMA_Arcusin_2026_50_aniversario_0-8-300x225.png 300w, https:\/\/www.arcusin.com\/wp-content\/uploads\/2026\/02\/FIMA_Arcusin_2026_50_aniversario_0-8-768x576.png 768w, https:\/\/www.arcusin.com\/wp-content\/uploads\/2026\/02\/FIMA_Arcusin_2026_50_aniversario_0-8-1536x1152.png 1536w, https:\/\/www.arcusin.com\/wp-content\/uploads\/2026\/02\/FIMA_Arcusin_2026_50_aniversario_0-8-2048x1536.png 2048w, https:\/\/www.arcusin.com\/wp-content\/uploads\/2026\/02\/FIMA_Arcusin_2026_50_aniversario_0-8-600x450.png 600w\" sizes=\"auto, (max-width: 800px) 100vw, 800px\" \/><\/a>\n\t\t\t<\/div><\/figure><figure class='gallery-item'>\n\t\t\t<div class='gallery-icon landscape'>\n\t\t\t\t<a href=\"https:\/\/www.arcusin.com\/fr\/fima-2026-arcusin\/fima_arcusin_2026_50_aniversario_0-13\/\"><img loading=\"lazy\" decoding=\"async\" width=\"800\" height=\"600\" src=\"https:\/\/www.arcusin.com\/wp-content\/uploads\/2026\/02\/FIMA_Arcusin_2026_50_aniversario_0-13-1024x768.png\" class=\"attachment-large size-large\" alt=\"\" srcset=\"https:\/\/www.arcusin.com\/wp-content\/uploads\/2026\/02\/FIMA_Arcusin_2026_50_aniversario_0-13-1024x768.png 1024w, https:\/\/www.arcusin.com\/wp-content\/uploads\/2026\/02\/FIMA_Arcusin_2026_50_aniversario_0-13-300x225.png 300w, https:\/\/www.arcusin.com\/wp-content\/uploads\/2026\/02\/FIMA_Arcusin_2026_50_aniversario_0-13-768x576.png 768w, https:\/\/www.arcusin.com\/wp-content\/uploads\/2026\/02\/FIMA_Arcusin_2026_50_aniversario_0-13-1536x1152.png 1536w, https:\/\/www.arcusin.com\/wp-content\/uploads\/2026\/02\/FIMA_Arcusin_2026_50_aniversario_0-13-2048x1536.png 2048w, https:\/\/www.arcusin.com\/wp-content\/uploads\/2026\/02\/FIMA_Arcusin_2026_50_aniversario_0-13-600x450.png 600w\" sizes=\"auto, (max-width: 800px) 100vw, 800px\" \/><\/a>\n\t\t\t<\/div><\/figure><figure class='gallery-item'>\n\t\t\t<div class='gallery-icon landscape'>\n\t\t\t\t<a href=\"https:\/\/www.arcusin.com\/fr\/fima-2026-arcusin\/fima_arcusin_2026_50_aniversario_0-11\/\"><img loading=\"lazy\" decoding=\"async\" width=\"800\" height=\"600\" src=\"https:\/\/www.arcusin.com\/wp-content\/uploads\/2026\/02\/FIMA_Arcusin_2026_50_aniversario_0-11-1024x768.png\" class=\"attachment-large size-large\" alt=\"\" srcset=\"https:\/\/www.arcusin.com\/wp-content\/uploads\/2026\/02\/FIMA_Arcusin_2026_50_aniversario_0-11-1024x768.png 1024w, https:\/\/www.arcusin.com\/wp-content\/uploads\/2026\/02\/FIMA_Arcusin_2026_50_aniversario_0-11-300x225.png 300w, https:\/\/www.arcusin.com\/wp-content\/uploads\/2026\/02\/FIMA_Arcusin_2026_50_aniversario_0-11-768x576.png 768w, https:\/\/www.arcusin.com\/wp-content\/uploads\/2026\/02\/FIMA_Arcusin_2026_50_aniversario_0-11-1536x1152.png 1536w, https:\/\/www.arcusin.com\/wp-content\/uploads\/2026\/02\/FIMA_Arcusin_2026_50_aniversario_0-11-2048x1536.png 2048w, https:\/\/www.arcusin.com\/wp-content\/uploads\/2026\/02\/FIMA_Arcusin_2026_50_aniversario_0-11-600x450.png 600w\" sizes=\"auto, (max-width: 800px) 100vw, 800px\" \/><\/a>\n\t\t\t<\/div><\/figure>\n\t\t<\/div>\n\n<p>Parmi les \u00e9quipements expos\u00e9s, les <a href=\"https:\/\/www.arcusin.com\/fr\/secoueurs-de-fruits-secs-et-dolives\/\" target=\"_blank\" rel=\"noopener\">Nut&amp;Olive Shakers<\/a> ont particuli\u00e8rement retenu l&rsquo;attention des visiteurs du salon FIMA. Leur design, leur efficacit\u00e9, leur facilit\u00e9 d&rsquo;int\u00e9gration et leur respect des arbres ont s\u00e9duit les visiteurs. Nous avons \u00e9galement re\u00e7u la visite de nombreux clients venus de toute l&rsquo;Espagne, ce qui nous a permis de constater par nous-m\u00eames les excellentes performances de nos machines agricoles lors des r\u00e9coltes et la confiance mutuelle qui unit les agriculteurs \u00e0 Arcusin. <a href=\"https:\/\/www.instagram.com\/p\/DUsYQr8DQ3r\/\" target=\"_blank\" rel=\"noopener\">La visite de Jos\u00e9 Mar\u00eda D\u00edaz, client fid\u00e8le qui utilise la m\u00eame machine depuis plus de 22 saisons, en est un parfait exemple<\/a>. Acquise il y a plus de deux d\u00e9cennies, cette machine t\u00e9moigne de la qualit\u00e9 de nos solutions agricoles, con\u00e7ues pour offrir des performances constantes, une grande fiabilit\u00e9 sur le terrain et une longue dur\u00e9e de vie. Des cas comme celui de Jos\u00e9 Mar\u00eda D\u00edaz renforcent notre engagement en faveur de la durabilit\u00e9, de l&rsquo;efficacit\u00e9 et d&rsquo;un investissement p\u00e9renne pour nos clients.<\/p>\n<p>Enfin, il convient de souligner un atout majeur de nos r\u00e9colteuses, particuli\u00e8rement important pour le respect des arbres\u00a0: elles int\u00e8grent un syst\u00e8me de vibration qui pr\u00e9serve l&rsquo;arbre, r\u00e9colte apr\u00e8s r\u00e9colte. De plus, il r\u00e9duit consid\u00e9rablement le temps de r\u00e9colte des noix et des olives et optimise les performances des \u00e9quipes sur le terrain, am\u00e9liorant ainsi l&rsquo;efficacit\u00e9 op\u00e9rationnelle et favorisant une croissance durable gr\u00e2ce \u00e0 des r\u00e9coltes toujours plus rentables.<\/p>\n<h2>FIMA 2026 Arcusin : 50 ans d&rsquo;innovation agricole<\/h2>\n<div id='gallery-3' class='gallery galleryid-70869 gallery-columns-3 gallery-size-large'><figure class='gallery-item'>\n\t\t\t<div class='gallery-icon landscape'>\n\t\t\t\t<a href=\"https:\/\/www.arcusin.com\/wp-content\/uploads\/2026\/02\/fima_2026_maquinas_arcusin_50a-2-scaled.png\"><img loading=\"lazy\" decoding=\"async\" width=\"800\" height=\"600\" src=\"https:\/\/www.arcusin.com\/wp-content\/uploads\/2026\/02\/fima_2026_maquinas_arcusin_50a-2-1024x768.png\" class=\"attachment-large size-large\" alt=\"\" srcset=\"https:\/\/www.arcusin.com\/wp-content\/uploads\/2026\/02\/fima_2026_maquinas_arcusin_50a-2-1024x768.png 1024w, https:\/\/www.arcusin.com\/wp-content\/uploads\/2026\/02\/fima_2026_maquinas_arcusin_50a-2-300x225.png 300w, https:\/\/www.arcusin.com\/wp-content\/uploads\/2026\/02\/fima_2026_maquinas_arcusin_50a-2-768x576.png 768w, https:\/\/www.arcusin.com\/wp-content\/uploads\/2026\/02\/fima_2026_maquinas_arcusin_50a-2-1536x1152.png 1536w, https:\/\/www.arcusin.com\/wp-content\/uploads\/2026\/02\/fima_2026_maquinas_arcusin_50a-2-2048x1536.png 2048w, https:\/\/www.arcusin.com\/wp-content\/uploads\/2026\/02\/fima_2026_maquinas_arcusin_50a-2-600x450.png 600w\" sizes=\"auto, (max-width: 800px) 100vw, 800px\" \/><\/a>\n\t\t\t<\/div><\/figure><figure class='gallery-item'>\n\t\t\t<div class='gallery-icon landscape'>\n\t\t\t\t<a href=\"https:\/\/www.arcusin.com\/wp-content\/uploads\/2026\/02\/fima_2026_maquinas_arcusin_50a_1-3-scaled.png\"><img loading=\"lazy\" decoding=\"async\" width=\"800\" height=\"600\" src=\"https:\/\/www.arcusin.com\/wp-content\/uploads\/2026\/02\/fima_2026_maquinas_arcusin_50a_1-3-1024x768.png\" class=\"attachment-large size-large\" alt=\"\" srcset=\"https:\/\/www.arcusin.com\/wp-content\/uploads\/2026\/02\/fima_2026_maquinas_arcusin_50a_1-3-1024x768.png 1024w, https:\/\/www.arcusin.com\/wp-content\/uploads\/2026\/02\/fima_2026_maquinas_arcusin_50a_1-3-300x225.png 300w, https:\/\/www.arcusin.com\/wp-content\/uploads\/2026\/02\/fima_2026_maquinas_arcusin_50a_1-3-768x576.png 768w, https:\/\/www.arcusin.com\/wp-content\/uploads\/2026\/02\/fima_2026_maquinas_arcusin_50a_1-3-1536x1152.png 1536w, https:\/\/www.arcusin.com\/wp-content\/uploads\/2026\/02\/fima_2026_maquinas_arcusin_50a_1-3-2048x1536.png 2048w, https:\/\/www.arcusin.com\/wp-content\/uploads\/2026\/02\/fima_2026_maquinas_arcusin_50a_1-3-600x450.png 600w\" sizes=\"auto, (max-width: 800px) 100vw, 800px\" \/><\/a>\n\t\t\t<\/div><\/figure><figure class='gallery-item'>\n\t\t\t<div class='gallery-icon landscape'>\n\t\t\t\t<a href=\"https:\/\/www.arcusin.com\/wp-content\/uploads\/2026\/02\/fima_2026_maquinas_arcusin_50a_3-3-scaled.png\"><img loading=\"lazy\" decoding=\"async\" width=\"800\" height=\"600\" src=\"https:\/\/www.arcusin.com\/wp-content\/uploads\/2026\/02\/fima_2026_maquinas_arcusin_50a_3-3-1024x768.png\" class=\"attachment-large size-large\" alt=\"\" srcset=\"https:\/\/www.arcusin.com\/wp-content\/uploads\/2026\/02\/fima_2026_maquinas_arcusin_50a_3-3-1024x768.png 1024w, https:\/\/www.arcusin.com\/wp-content\/uploads\/2026\/02\/fima_2026_maquinas_arcusin_50a_3-3-300x225.png 300w, https:\/\/www.arcusin.com\/wp-content\/uploads\/2026\/02\/fima_2026_maquinas_arcusin_50a_3-3-768x576.png 768w, https:\/\/www.arcusin.com\/wp-content\/uploads\/2026\/02\/fima_2026_maquinas_arcusin_50a_3-3-1536x1152.png 1536w, https:\/\/www.arcusin.com\/wp-content\/uploads\/2026\/02\/fima_2026_maquinas_arcusin_50a_3-3-2048x1536.png 2048w, https:\/\/www.arcusin.com\/wp-content\/uploads\/2026\/02\/fima_2026_maquinas_arcusin_50a_3-3-600x450.png 600w\" sizes=\"auto, (max-width: 800px) 100vw, 800px\" \/><\/a>\n\t\t\t<\/div><\/figure>\n\t\t<\/div>\n\n<p>Profitant du plus important salon agricole d&rsquo;Espagne, nous avons souhait\u00e9 mettre en lumi\u00e8re le travail constant, souvent m\u00e9connu, du secteur et remercier nos clients, partenaires et fabricants pour leur implication et leur engagement. FIMA a \u00e9t\u00e9 une \u00e9dition exceptionnelle, avec un salon dynamique et une atmosph\u00e8re d&rsquo;optimisme et de solidarit\u00e9 malgr\u00e9 le contexte actuel.<\/p>\n<p>Par ailleurs, nous avons souhait\u00e9 d\u00e9voiler publiquement notre logo comm\u00e9moratif du 50e anniversaire, r\u00e9affirmant ainsi notre engagement envers l&rsquo;innovation, le soutien au secteur primaire et le d\u00e9veloppement des meilleures technologies et m\u00e9canisations afin que nos clients restent comp\u00e9titifs. Ce chemin, construit de g\u00e9n\u00e9ration en g\u00e9n\u00e9ration, a \u00e9volu\u00e9 main dans la main avec les agriculteurs et a anticip\u00e9 les nouveaux d\u00e9fis du secteur agricole, nous incitant \u00e0 poursuivre notre chemin avec force, vision et responsabilit\u00e9, pr\u00eats pour l&rsquo;avenir.<\/p>\n<div class=\"pointer-events-none h-px w-px absolute bottom-0\" aria-hidden=\"true\" data-edge=\"true\"><\/div>\n","protected":false},"excerpt":{"rendered":"<p>En 2026, Arcusin a c\u00e9l\u00e9br\u00e9 son 50e anniversaire au FIMA, mettant en avant l&rsquo;innovation de ses machines, l&rsquo;alliance avec l&rsquo;IFM et les vibrateurs AutoPick, renfor\u00e7ant ainsi le contr\u00f4le, l&rsquo;efficacit\u00e9 et la comp\u00e9titivit\u00e9 du secteur agricole.<\/p>\n","protected":false},"author":189,"featured_media":70881,"comment_status":"closed","ping_status":"closed","sticky":false,"template":"","format":"standard","meta":{"content-type":"","footnotes":""},"categories":[392],"tags":[],"class_list":["post-70869","post","type-post","status-publish","format-standard","has-post-thumbnail","hentry","category-expositions-et-evenements"],"_links":{"self":[{"href":"https:\/\/www.arcusin.com\/fr\/wp-json\/wp\/v2\/posts\/70869","targetHints":{"allow":["GET"]}}],"collection":[{"href":"https:\/\/www.arcusin.com\/fr\/wp-json\/wp\/v2\/posts"}],"about":[{"href":"https:\/\/www.arcusin.com\/fr\/wp-json\/wp\/v2\/types\/post"}],"author":[{"embeddable":true,"href":"https:\/\/www.arcusin.com\/fr\/wp-json\/wp\/v2\/users\/189"}],"replies":[{"embeddable":true,"href":"https:\/\/www.arcusin.com\/fr\/wp-json\/wp\/v2\/comments?post=70869"}],"version-history":[{"count":8,"href":"https:\/\/www.arcusin.com\/fr\/wp-json\/wp\/v2\/posts\/70869\/revisions"}],"predecessor-version":[{"id":71062,"href":"https:\/\/www.arcusin.com\/fr\/wp-json\/wp\/v2\/posts\/70869\/revisions\/71062"}],"wp:featuredmedia":[{"embeddable":true,"href":"https:\/\/www.arcusin.com\/fr\/wp-json\/wp\/v2\/media\/70881"}],"wp:attachment":[{"href":"https:\/\/www.arcusin.com\/fr\/wp-json\/wp\/v2\/media?parent=70869"}],"wp:term":[{"taxonomy":"category","embeddable":true,"href":"https:\/\/www.arcusin.com\/fr\/wp-json\/wp\/v2\/categories?post=70869"},{"taxonomy":"post_tag","embeddable":true,"href":"https:\/\/www.arcusin.com\/fr\/wp-json\/wp\/v2\/tags?post=70869"}],"curies":[{"name":"wp","href":"https:\/\/api.w.org\/{rel}","templated":true}]}}