{"id":65335,"date":"2025-04-16T11:20:53","date_gmt":"2025-04-16T10:20:53","guid":{"rendered":"https:\/\/www.arcusin.com\/?p=65335"},"modified":"2025-04-16T12:21:42","modified_gmt":"2025-04-16T11:21:42","slug":"media-days-arcusin","status":"publish","type":"post","link":"https:\/\/www.arcusin.com\/fr\/media-days-arcusin\/","title":{"rendered":"Jours M\u00e9diatiques : Arcusin sous les projecteurs"},"content":{"rendered":"<p><strong>L&rsquo;imposition de nouveaux droits de douane sur les produits export\u00e9s vers les \u00c9tats-Unis a plac\u00e9 Arcusin au centre de l&rsquo;attention des m\u00e9dias espagnols.<\/strong><\/p>\n<p>Ce furent des jours tr\u00e8s intenses, marqu\u00e9s par l&rsquo;incertitude, mais aussi par l&rsquo;apprentissage et, surtout, par les opportunit\u00e9s. Du moins, c&rsquo;est ainsi que nous aimons le voir chez Arcusin.<\/p>\n<p>L&rsquo;annonce de l&rsquo;administration Trump a boulevers\u00e9 l&rsquo;\u00e9chiquier mondial et ouvert une nouvelle \u00e8re de tensions commerciales. Dans ce contexte, notre cas a suscit\u00e9 un int\u00e9r\u00eat particulier dans toute l\u2019Espagne : nous sommes une entreprise qui exporte 50\u202f% de sa production vers les \u00c9tats-Unis, o\u00f9 nous poss\u00e9dons \u00e9galement une filiale.<\/p>\n<p>C\u2019est pourquoi, ces derniers jours, notre si\u00e8ge de <strong>Vila-sana (Pla d\u2019Urgell)<\/strong> a accueilli plusieurs m\u00e9dias : <strong>ACN (Ag\u00e8ncia Catalana de Not\u00edcies), 3Cat, Antena 3, La Sexta, Telecinco, Cuatro et Mollerussa TV<\/strong>, entre autres. Nos porte-parole, le pr\u00e9sident <strong>Manuel Cusin\u00e9<\/strong> et la PDG <strong>Blanca Cusin\u00e9<\/strong>, ont \u00e9galement partag\u00e9 le point de vue d&rsquo;Arcusin dans des \u00e9missions \u00e0 forte audience telles que <em>Els matins<\/em> sur TV3 et <em>Hoy por hoy<\/em> sur la Cadena SER.<\/p>\n<p><img loading=\"lazy\" decoding=\"async\" class=\"aligncenter wp-image-65364 size-full\" src=\"https:\/\/www.arcusin.com\/wp-content\/uploads\/2025\/04\/Diseno-sin-titulo-2.jpg\" alt=\"\" width=\"1920\" height=\"1080\" srcset=\"https:\/\/www.arcusin.com\/wp-content\/uploads\/2025\/04\/Diseno-sin-titulo-2.jpg 1920w, https:\/\/www.arcusin.com\/wp-content\/uploads\/2025\/04\/Diseno-sin-titulo-2-600x338.jpg 600w, https:\/\/www.arcusin.com\/wp-content\/uploads\/2025\/04\/Diseno-sin-titulo-2-300x169.jpg 300w, https:\/\/www.arcusin.com\/wp-content\/uploads\/2025\/04\/Diseno-sin-titulo-2-1024x576.jpg 1024w, https:\/\/www.arcusin.com\/wp-content\/uploads\/2025\/04\/Diseno-sin-titulo-2-768x432.jpg 768w, https:\/\/www.arcusin.com\/wp-content\/uploads\/2025\/04\/Diseno-sin-titulo-2-1536x864.jpg 1536w\" sizes=\"auto, (max-width: 1920px) 100vw, 1920px\" \/><\/p>\n<p><strong>Un d\u00e9fi\u2026 anticip\u00e9 dans notre plan strat\u00e9gique<\/strong><\/p>\n<p>Comme nous l&rsquo;avons expliqu\u00e9 aux m\u00e9dias, ces mesures ne changent pas fondamentalement notre feuille de route. Il y a quelques mois, nous avons anticip\u00e9 la situation et envoy\u00e9 en Am\u00e9rique le stock n\u00e9cessaire pour r\u00e9pondre \u00e0 la demande de nos clients. De plus, depuis un certain temps, notre strat\u00e9gie consiste \u00e0 ne pas d\u00e9pendre excessivement d\u2019un seul march\u00e9, avec un objectif clair : qu\u2019aucun pays ne repr\u00e9sente plus de 30\u202f% de nos exportations.<\/p>\n<p>Ce choix nous a permis d\u2019ouvrir de nouvelles voies. Aujourd\u2019hui, <strong>Arcusin exporte ses machines dans plus de 60 pays<\/strong>, et nous consolidons activement notre pr\u00e9sence dans des march\u00e9s en pleine croissance comme <strong>l\u2019Inde<\/strong> ou la <strong>Turquie<\/strong>, o\u00f9 nous voyons un potentiel r\u00e9el de d\u00e9veloppement.<\/p>\n<p><strong>S\u2019adapter, avancer, \u00e9voluer<\/strong><\/p>\n<p>Le succ\u00e8s rencontr\u00e9 aux \u00c9tats-Unis a \u00e9t\u00e9 d\u00e9cisif pour Arcusin, et il continuera de l\u2019\u00eatre. Mais notre objectif n\u2019est pas de vendre moins en Am\u00e9rique, mais de <strong>grandir ailleurs sans ralentir l\u00e0-bas<\/strong>. Car si une chose nous d\u00e9finit, c\u2019est <strong>notre capacit\u00e9 d\u2019adaptation<\/strong> \u2013 une valeur essentielle qui nous a permis de devenir un acteur international reconnu dans le domaine de la machine agricole.<\/p>\n<p>En somme, le contexte actuel nous pousse une fois de plus \u00e0 lire les signes du moment, ajuster notre cap et aller de l\u2019avant. Et le fait que tant de m\u00e9dias se soient int\u00e9ress\u00e9s \u00e0 notre vision ne fait que confirmer ce que nous construisons depuis des ann\u00e9es : <strong>une entreprise solide, tourn\u00e9e vers l\u2019avenir, avec des racines bien ancr\u00e9es dans sa terre d\u2019origine.<\/strong><\/p>\n","protected":false},"excerpt":{"rendered":"<p>L&rsquo;imposition de nouveaux droits de douane sur les produits export\u00e9s vers les \u00c9tats-Unis a plac\u00e9 Arcusin au centre de l&rsquo;attention des m\u00e9dias espagnols.<\/p>\n","protected":false},"author":156,"featured_media":65353,"comment_status":"closed","ping_status":"closed","sticky":false,"template":"","format":"standard","meta":{"content-type":"","footnotes":""},"categories":[516],"tags":[],"class_list":["post-65335","post","type-post","status-publish","format-standard","has-post-thumbnail","hentry","category-all-fr"],"_links":{"self":[{"href":"https:\/\/www.arcusin.com\/fr\/wp-json\/wp\/v2\/posts\/65335","targetHints":{"allow":["GET"]}}],"collection":[{"href":"https:\/\/www.arcusin.com\/fr\/wp-json\/wp\/v2\/posts"}],"about":[{"href":"https:\/\/www.arcusin.com\/fr\/wp-json\/wp\/v2\/types\/post"}],"author":[{"embeddable":true,"href":"https:\/\/www.arcusin.com\/fr\/wp-json\/wp\/v2\/users\/156"}],"replies":[{"embeddable":true,"href":"https:\/\/www.arcusin.com\/fr\/wp-json\/wp\/v2\/comments?post=65335"}],"version-history":[{"count":0,"href":"https:\/\/www.arcusin.com\/fr\/wp-json\/wp\/v2\/posts\/65335\/revisions"}],"wp:featuredmedia":[{"embeddable":true,"href":"https:\/\/www.arcusin.com\/fr\/wp-json\/wp\/v2\/media\/65353"}],"wp:attachment":[{"href":"https:\/\/www.arcusin.com\/fr\/wp-json\/wp\/v2\/media?parent=65335"}],"wp:term":[{"taxonomy":"category","embeddable":true,"href":"https:\/\/www.arcusin.com\/fr\/wp-json\/wp\/v2\/categories?post=65335"},{"taxonomy":"post_tag","embeddable":true,"href":"https:\/\/www.arcusin.com\/fr\/wp-json\/wp\/v2\/tags?post=65335"}],"curies":[{"name":"wp","href":"https:\/\/api.w.org\/{rel}","templated":true}]}}