{"id":70779,"date":"2026-02-23T07:34:51","date_gmt":"2026-02-23T06:34:51","guid":{"rendered":"https:\/\/www.arcusin.com\/?p=70779"},"modified":"2026-02-26T10:40:07","modified_gmt":"2026-02-26T09:40:07","slug":"fima-2026-arcusin","status":"publish","type":"post","link":"https:\/\/www.arcusin.com\/es\/fima-2026-arcusin\/","title":{"rendered":"Arcusin en FIMA 2026: 50 a\u00f1os junto a quienes alimentan el mundo"},"content":{"rendered":"<div class=\"flex flex-col text-sm\">\n<article class=\"text-token-text-primary w-full focus:outline-none [--shadow-height:45px] has-data-writing-block:pointer-events-none has-data-writing-block:-mt-(--shadow-height) has-data-writing-block:pt-(--shadow-height) [&amp;:has([data-writing-block])&gt;*]:pointer-events-auto scroll-mt-[calc(var(--header-height)+min(200px,max(70px,20svh)))]\" dir=\"auto\" tabindex=\"-1\" data-turn-id=\"request-WEB:6c7471ba-6cc2-4f2a-892f-ed0352c28f97-7\" data-testid=\"conversation-turn-14\" data-scroll-anchor=\"true\" data-turn=\"assistant\">\n<div class=\"text-base my-auto mx-auto pb-10 [--thread-content-margin:--spacing(4)] @w-sm\/main:[--thread-content-margin:--spacing(6)] @w-lg\/main:[--thread-content-margin:--spacing(16)] px-(--thread-content-margin)\">\n<div class=\"[--thread-content-max-width:40rem] @w-lg\/main:[--thread-content-max-width:48rem] mx-auto max-w-(--thread-content-max-width) flex-1 group\/turn-messages focus-visible:outline-hidden relative flex w-full min-w-0 flex-col agent-turn\" tabindex=\"-1\">Este 2026, en Arcusin volvimos a la Feria Internacional de Maquinaria Agr\u00edcola (FIMA) <strong>para celebrar nuestro 50\u00ba aniversario junto<span style=\"color: #000000;\"> a quienes <\/span>alimentan el mundo<\/strong>. La cita se celebr\u00f3 del 10 al 14 de febrero en el recinto ferial de Zaragoza, superando las expectativas de a\u00f1os anteriores con m\u00e1s de 187.875 visitantes y 638 expositores de m\u00e1s de 35 pa\u00edses. La Feria cerr\u00f3 su 44\u00aa edici\u00f3n con un gran \u00e9xito de asistencia, siendo\u00a0 un referente en innovaci\u00f3n y transformaci\u00f3n tecnol\u00f3gica del sector agr\u00edcola. El encuentro m\u00e1s importante del sector agr\u00edcola en Espa\u00f1a fue el escenario perfecto para volver a conectar y agradecer todo lo que hacen en su d\u00eda d\u00eda a los agricultores y las agricultoras de nuestro pa\u00eds.<\/div>\n<\/div>\n<\/article>\n<\/div>\n<div tabindex=\"-1\">\n<p>Nuestro equipo de ventas estuvo todos los d\u00edas de FIMA conociendo a nuevos clientes y sus inquietudes, saludando a caras conocidas y recordando batallas de campa\u00f1as pasadas y aventuras de m\u00e1quinas vendidas. Fue una edici\u00f3n especial, con un flujo de visitantes constante, donde una de nuestras soluciones agr\u00edcolas destac\u00f3 por encima de las dem\u00e1s m\u00e1quinas expuestas. \u00bfCu\u00e1les fueron? Las m\u00e1quinas que acapararon el protagonismo fueron nuestros <a href=\"https:\/\/www.arcusin.com\/es\/vibradores-para-frutos-secos-y-aceitunas\/\" target=\"_blank\" rel=\"noopener\">vibradores para frutos secos y olivos<\/a> con los modelos <a href=\"https:\/\/www.arcusin.com\/es\/products\/autopick-gti\/\" target=\"_blank\" rel=\"noopener\">AutoPick GTi<\/a> y el <a href=\"https:\/\/www.arcusin.com\/es\/products\/autopick-mt\/\" target=\"_blank\" rel=\"noopener\">AutoPick MT<\/a>.<\/p>\n<div id='gallery-1' class='gallery galleryid-70779 gallery-columns-3 gallery-size-large'><figure class='gallery-item'>\n\t\t\t<div class='gallery-icon landscape'>\n\t\t\t\t<img loading=\"lazy\" decoding=\"async\" width=\"800\" height=\"600\" src=\"https:\/\/www.arcusin.com\/wp-content\/uploads\/2026\/02\/fima_2026_equipo_comercial-2-1-1024x768.jpg\" class=\"attachment-large size-large\" alt=\"\" srcset=\"https:\/\/www.arcusin.com\/wp-content\/uploads\/2026\/02\/fima_2026_equipo_comercial-2-1-1024x768.jpg 1024w, https:\/\/www.arcusin.com\/wp-content\/uploads\/2026\/02\/fima_2026_equipo_comercial-2-1-300x225.jpg 300w, https:\/\/www.arcusin.com\/wp-content\/uploads\/2026\/02\/fima_2026_equipo_comercial-2-1-768x576.jpg 768w, https:\/\/www.arcusin.com\/wp-content\/uploads\/2026\/02\/fima_2026_equipo_comercial-2-1-600x450.jpg 600w, https:\/\/www.arcusin.com\/wp-content\/uploads\/2026\/02\/fima_2026_equipo_comercial-2-1.jpg 1080w\" sizes=\"auto, (max-width: 800px) 100vw, 800px\" \/>\n\t\t\t<\/div><\/figure><figure class='gallery-item'>\n\t\t\t<div class='gallery-icon landscape'>\n\t\t\t\t<img loading=\"lazy\" decoding=\"async\" width=\"800\" height=\"601\" src=\"https:\/\/www.arcusin.com\/wp-content\/uploads\/2026\/02\/fima_2026_equipo_comercial-3-1-1024x769.jpg\" class=\"attachment-large size-large\" alt=\"\" srcset=\"https:\/\/www.arcusin.com\/wp-content\/uploads\/2026\/02\/fima_2026_equipo_comercial-3-1-1024x769.jpg 1024w, https:\/\/www.arcusin.com\/wp-content\/uploads\/2026\/02\/fima_2026_equipo_comercial-3-1-300x225.jpg 300w, https:\/\/www.arcusin.com\/wp-content\/uploads\/2026\/02\/fima_2026_equipo_comercial-3-1-768x577.jpg 768w, https:\/\/www.arcusin.com\/wp-content\/uploads\/2026\/02\/fima_2026_equipo_comercial-3-1-600x451.jpg 600w, https:\/\/www.arcusin.com\/wp-content\/uploads\/2026\/02\/fima_2026_equipo_comercial-3-1.jpg 1080w\" sizes=\"auto, (max-width: 800px) 100vw, 800px\" \/>\n\t\t\t<\/div><\/figure><figure class='gallery-item'>\n\t\t\t<div class='gallery-icon landscape'>\n\t\t\t\t<img loading=\"lazy\" decoding=\"async\" width=\"800\" height=\"601\" src=\"https:\/\/www.arcusin.com\/wp-content\/uploads\/2026\/02\/fima_2026_equipo_comercial-1-1-1024x769.jpg\" class=\"attachment-large size-large\" alt=\"\" srcset=\"https:\/\/www.arcusin.com\/wp-content\/uploads\/2026\/02\/fima_2026_equipo_comercial-1-1-1024x769.jpg 1024w, https:\/\/www.arcusin.com\/wp-content\/uploads\/2026\/02\/fima_2026_equipo_comercial-1-1-300x225.jpg 300w, https:\/\/www.arcusin.com\/wp-content\/uploads\/2026\/02\/fima_2026_equipo_comercial-1-1-768x577.jpg 768w, https:\/\/www.arcusin.com\/wp-content\/uploads\/2026\/02\/fima_2026_equipo_comercial-1-1-600x451.jpg 600w, https:\/\/www.arcusin.com\/wp-content\/uploads\/2026\/02\/fima_2026_equipo_comercial-1-1.jpg 1080w\" sizes=\"auto, (max-width: 800px) 100vw, 800px\" \/>\n\t\t\t<\/div><\/figure>\n\t\t<\/div>\n\n<\/div>\n<h3 data-start=\"435\" data-end=\"501\">IFM: tecnolog\u00eda al servicio de la agricultura<\/h3>\n<p><img loading=\"lazy\" decoding=\"async\" class=\"wp-image-70861 aligncenter\" src=\"https:\/\/www.arcusin.com\/wp-content\/uploads\/2026\/02\/FIMA_2026_arcusin_Ifm_colaboracion_2.jpg\" alt=\"\" width=\"800\" height=\"493\" srcset=\"https:\/\/www.arcusin.com\/wp-content\/uploads\/2026\/02\/FIMA_2026_arcusin_Ifm_colaboracion_2.jpg 987w, https:\/\/www.arcusin.com\/wp-content\/uploads\/2026\/02\/FIMA_2026_arcusin_Ifm_colaboracion_2-300x185.jpg 300w, https:\/\/www.arcusin.com\/wp-content\/uploads\/2026\/02\/FIMA_2026_arcusin_Ifm_colaboracion_2-768x473.jpg 768w, https:\/\/www.arcusin.com\/wp-content\/uploads\/2026\/02\/FIMA_2026_arcusin_Ifm_colaboracion_2-600x370.jpg 600w\" sizes=\"auto, (max-width: 800px) 100vw, 800px\" \/><\/p>\n<p data-start=\"0\" data-end=\"527\">Durante esta edici\u00f3n de FIMA quer\u00edamos reforzar nuestra alianza tecnol\u00f3gica con <a href=\"https:\/\/www.ifm.com\/ar\/es\/shared\/successstories\/reports\/arcusin\" target=\"_blank\" rel=\"noopener\">IFM<\/a>, referente en control inteligente y tecnolog\u00eda de sensores. Esta colaboraci\u00f3n integrar en nuestras m\u00e1quinas agr\u00edcolas sistemas avanzados de monitorizaci\u00f3n, joysticks y sensores que garantizan un control preciso, seguro e intuitivo, mejorando la disponibilidad operativa y el rendimiento en el campo. Por este motivo, durante los d\u00edas de FIMA integramos a nuestras m\u00e1quinas expuestas , el <a href=\"https:\/\/www.arcusin.com\/es\/products\/autostack-xp\/\" target=\"_blank\" rel=\"noopener\">AutoStack XP<\/a> y el <a href=\"https:\/\/www.arcusin.com\/es\/products\/multipack-2\/\" target=\"_blank\" rel=\"noopener\">MultiPack D14<\/a>, la pantalla interactiva permitiendo a los a los visitantes probar el sistema, conocer sus funcionalidad y comprobar de primera mano el nivel de control y precisi\u00f3n que aporta la nueva pantalla t\u00e1ctil inteligente de 7 pulgadas.<\/p>\n<p data-start=\"529\" data-end=\"1021\">Durante los d\u00edas de la feria quer\u00edamos mostrar el potencial de todo este sistema de control inteligente y que mejor que incorporarlo en nuestras m\u00e1quinas expuestas. As\u00ed fue, el <a href=\"https:\/\/www.arcusin.com\/es\/products\/autostack-xp\/\" target=\"_blank\" rel=\"noopener\">AutoStack XP<\/a> y el <a href=\"https:\/\/www.arcusin.com\/es\/products\/multipack-2\/\" target=\"_blank\" rel=\"noopener\">MultiPack D14<\/a> contaban con la pantalla interactiva activada permitiendo a los visitantes probar el sistema, conocer sus funcionalidad y comprobar de primera mano el nivel de control y precisi\u00f3n que aporta la nueva pantalla t\u00e1ctil inteligente de 7 pulgadas la cual permite disponer de informaci\u00f3n en\u00a0tiempo real mediante contadores, registros de actividad, diagn\u00f3sticos y alertas autom\u00e1ticas desde una \u00fanica interfaz.<\/p>\n<h3 data-start=\"881\" data-end=\"940\">Precampa\u00f1as: preparaci\u00f3n clave para la campa\u00f1a agr\u00edcola<\/h3>\n<p><center><iframe loading=\"lazy\" title=\"YouTube video player\" src=\"https:\/\/www.youtube.com\/embed\/tKZk2NBpXz4?si=n-XMtPdpUpUDIcay\" width=\"800\" height=\"600\" frameborder=\"0\" allowfullscreen=\"allowfullscreen\"><span data-mce-type=\"bookmark\" style=\"display: inline-block; width: 0px; overflow: hidden; line-height: 0;\" class=\"mce_SELRES_start\">\ufeff<\/span><span data-mce-type=\"bookmark\" style=\"display: inline-block; width: 0px; overflow: hidden; line-height: 0;\" class=\"mce_SELRES_start\">\ufeff<\/span><\/iframe><\/center><\/p>\n<p data-start=\"942\" data-end=\"1263\">Durante los d\u00edas de feria nuestro equipo comercial ten\u00eda claro uno de los objetivos para nuestros clientes. Tenemos el deber de asegurar que todas las m\u00e1quinas de nuestros clientes est\u00e1n listas para el inicio de la campa\u00f1a. Por esto, uno de los servicios m\u00e1s reclamados fue el <a href=\"https:\/\/www.arcusin.com\/es\/empieza-temporada\/\" target=\"_blank\" rel=\"noopener\">mantenimiento precampa\u00f1a<\/a>, esencial para que las m\u00e1quinas est\u00e9n listas para cualquier imprevisto.<\/p>\n<p data-start=\"942\" data-end=\"1263\">Ahora es el momento de actuar: realizar la puesta apunto, probar la m\u00e1quina y dejar todo listo para que, cuando llegue el momento de salir al campo, no surja ning\u00fan imprevisto. Por eso, si est\u00e1s leyendo esto y no pudiste escaparte a FIMA, te animamos a contratar el servicio de <a href=\"https:\/\/www.arcusin.com\/es\/empieza-temporada\/\" target=\"_blank\" rel=\"noopener\">mantenimiento precampa\u00f1a<\/a> y poner tu m\u00e1quina Arcusin al d\u00eda, evitando sorpresas el d\u00eda menos indicado.<\/p>\n<h3 data-start=\"1265\" data-end=\"1323\">Acto institucional con AGRAGEX: fortaleciendo relaciones<\/h3>\n<p data-start=\"1325\" data-end=\"1669\">Durante los d\u00edas de feria de Zaragoza, <a href=\"https:\/\/agragex.es\/\" target=\"_blank\" rel=\"nofollow noopener\">AGRAGEX<\/a>, Asociaci\u00f3n Espa\u00f1ola de Fabricantes-Exportadores de Maquinaria Agr\u00edcola, celebr\u00f3 la Junta General de la asociaci\u00f3n. El encuentro nos permiti\u00f3 intercambiar conocimientos, experiencias y seguir fortaleciendo la cooperaci\u00f3n entre las empresas y las asociaciones para seguir impulsando la innovaci\u00f3n y la productividad en el sector agr\u00edcola.<\/p>\n<p data-start=\"1325\" data-end=\"1669\">Adem\u00e1s, fue una jornada especialmente enriquecedora en la que compartimos ideas y buenos momentos con compa\u00f1eros del sector, lo que sirvi\u00f3 para reforzar los v\u00ednculos y consolidar una visi\u00f3n com\u00fan orientada al crecimiento y la mejora continua.<\/p>\n<h3 data-start=\"1671\" data-end=\"1723\">Los vibradores de Arcusin destacan en FIMA por su eficiencia y fiabilidad<\/h3>\n<div id='gallery-2' class='gallery galleryid-70779 gallery-columns-3 gallery-size-large'><figure class='gallery-item'>\n\t\t\t<div class='gallery-icon landscape'>\n\t\t\t\t<a href=\"https:\/\/www.arcusin.com\/es\/fima-2026-arcusin\/fima_arcusin_2026_50_aniversario_0-8\/\"><img loading=\"lazy\" decoding=\"async\" width=\"800\" height=\"600\" src=\"https:\/\/www.arcusin.com\/wp-content\/uploads\/2026\/02\/FIMA_Arcusin_2026_50_aniversario_0-8-1024x768.png\" class=\"attachment-large size-large\" alt=\"\" srcset=\"https:\/\/www.arcusin.com\/wp-content\/uploads\/2026\/02\/FIMA_Arcusin_2026_50_aniversario_0-8-1024x768.png 1024w, https:\/\/www.arcusin.com\/wp-content\/uploads\/2026\/02\/FIMA_Arcusin_2026_50_aniversario_0-8-300x225.png 300w, https:\/\/www.arcusin.com\/wp-content\/uploads\/2026\/02\/FIMA_Arcusin_2026_50_aniversario_0-8-768x576.png 768w, https:\/\/www.arcusin.com\/wp-content\/uploads\/2026\/02\/FIMA_Arcusin_2026_50_aniversario_0-8-1536x1152.png 1536w, https:\/\/www.arcusin.com\/wp-content\/uploads\/2026\/02\/FIMA_Arcusin_2026_50_aniversario_0-8-2048x1536.png 2048w, https:\/\/www.arcusin.com\/wp-content\/uploads\/2026\/02\/FIMA_Arcusin_2026_50_aniversario_0-8-600x450.png 600w\" sizes=\"auto, (max-width: 800px) 100vw, 800px\" \/><\/a>\n\t\t\t<\/div><\/figure><figure class='gallery-item'>\n\t\t\t<div class='gallery-icon landscape'>\n\t\t\t\t<a href=\"https:\/\/www.arcusin.com\/es\/fima-2026-arcusin\/fima_arcusin_2026_50_aniversario_0-13\/\"><img loading=\"lazy\" decoding=\"async\" width=\"800\" height=\"600\" src=\"https:\/\/www.arcusin.com\/wp-content\/uploads\/2026\/02\/FIMA_Arcusin_2026_50_aniversario_0-13-1024x768.png\" class=\"attachment-large size-large\" alt=\"\" srcset=\"https:\/\/www.arcusin.com\/wp-content\/uploads\/2026\/02\/FIMA_Arcusin_2026_50_aniversario_0-13-1024x768.png 1024w, https:\/\/www.arcusin.com\/wp-content\/uploads\/2026\/02\/FIMA_Arcusin_2026_50_aniversario_0-13-300x225.png 300w, https:\/\/www.arcusin.com\/wp-content\/uploads\/2026\/02\/FIMA_Arcusin_2026_50_aniversario_0-13-768x576.png 768w, https:\/\/www.arcusin.com\/wp-content\/uploads\/2026\/02\/FIMA_Arcusin_2026_50_aniversario_0-13-1536x1152.png 1536w, https:\/\/www.arcusin.com\/wp-content\/uploads\/2026\/02\/FIMA_Arcusin_2026_50_aniversario_0-13-2048x1536.png 2048w, https:\/\/www.arcusin.com\/wp-content\/uploads\/2026\/02\/FIMA_Arcusin_2026_50_aniversario_0-13-600x450.png 600w\" sizes=\"auto, (max-width: 800px) 100vw, 800px\" \/><\/a>\n\t\t\t<\/div><\/figure><figure class='gallery-item'>\n\t\t\t<div class='gallery-icon landscape'>\n\t\t\t\t<a href=\"https:\/\/www.arcusin.com\/es\/fima-2026-arcusin\/fima_arcusin_2026_50_aniversario_0-11\/\"><img loading=\"lazy\" decoding=\"async\" width=\"800\" height=\"600\" src=\"https:\/\/www.arcusin.com\/wp-content\/uploads\/2026\/02\/FIMA_Arcusin_2026_50_aniversario_0-11-1024x768.png\" class=\"attachment-large size-large\" alt=\"\" srcset=\"https:\/\/www.arcusin.com\/wp-content\/uploads\/2026\/02\/FIMA_Arcusin_2026_50_aniversario_0-11-1024x768.png 1024w, https:\/\/www.arcusin.com\/wp-content\/uploads\/2026\/02\/FIMA_Arcusin_2026_50_aniversario_0-11-300x225.png 300w, https:\/\/www.arcusin.com\/wp-content\/uploads\/2026\/02\/FIMA_Arcusin_2026_50_aniversario_0-11-768x576.png 768w, https:\/\/www.arcusin.com\/wp-content\/uploads\/2026\/02\/FIMA_Arcusin_2026_50_aniversario_0-11-1536x1152.png 1536w, https:\/\/www.arcusin.com\/wp-content\/uploads\/2026\/02\/FIMA_Arcusin_2026_50_aniversario_0-11-2048x1536.png 2048w, https:\/\/www.arcusin.com\/wp-content\/uploads\/2026\/02\/FIMA_Arcusin_2026_50_aniversario_0-11-600x450.png 600w\" sizes=\"auto, (max-width: 800px) 100vw, 800px\" \/><\/a>\n\t\t\t<\/div><\/figure>\n\t\t<\/div>\n\n<p data-start=\"1725\" data-end=\"2165\">Entre los equipos expuestos, los <a href=\"https:\/\/www.arcusin.com\/es\/vibradores-para-frutos-secos-y-aceitunas\/\" target=\"_blank\" rel=\"noopener\">vibradores para frutos secos y olivos<\/a> captaron la atenci\u00f3n de los visitantes a FIMA. Destacaron por su dise\u00f1o, eficiencia, facilidad de integraci\u00f3n y el respeto y el cuidado de los \u00e1rboles.<\/p>\n<p data-start=\"1725\" data-end=\"2165\">Adem\u00e1s, recibimos la visita de numerosos clientes del territorio espa\u00f1ol y pudimos conocer de primera mano, por un lado, el buen funcionamiento de nuestras m\u00e1quinas agr\u00edcolas durante las cosechas y, por otro, la confianza mutua entre el agricultor y Arcusin. <a href=\"https:\/\/www.instagram.com\/reels\/DUsYQr8DQ3r\/\" target=\"_blank\" rel=\"nofollow noopener\"><strong>Un ejemplo claro fue la visita de un cliente hist\u00f3rico de la empresa, Jos\u00e9 Mar\u00eda D\u00edaz, con m\u00e1s de 22 campa\u00f1as junto a nosotros con la misma m\u00e1quina agr\u00edcola.<\/strong><\/a> Esa m\u00e1quina adquirida hace m\u00e1s de dos d\u00e9cadas es una prueba tangible de la calidad de nuestras soluciones agr\u00edcolas, dise\u00f1adas para ofrecer un rendimiento constante, fiabilidad en el campo y una larga vida \u00fatil. Casos como el de Jos\u00e9 Mar\u00eda D\u00edaz refuerzan nuestro compromiso con la durabilidad, eficiencia y la inversi\u00f3n a largo plazo para nuestros clientes.<\/p>\n<p data-start=\"1725\" data-end=\"2165\">Por \u00faltimo, cabe destacar una de las grandes virtudes de nuestros vibradores, fundamental para el cuidado del \u00e1rbol: integran un sistema de vibraci\u00f3n que no lo da\u00f1a cosecha tras cosecha. Adem\u00e1s, reducen significativamente el tiempo de recogida de frutos secos y aceitunas y optimizan el rendimiento del equipo humano en el campo, mejorando la eficiencia operativa y favoreciendo un crecimiento sostenido con cosechas cada vez m\u00e1s rentables.<\/p>\n<h2 data-start=\"1725\" data-end=\"2165\">FIMA 2026 Arcusin: celebrando 50 a\u00f1os de innovaci\u00f3n agr\u00edcola<\/h2>\n<div id='gallery-3' class='gallery galleryid-70779 gallery-columns-3 gallery-size-large'><figure class='gallery-item'>\n\t\t\t<div class='gallery-icon landscape'>\n\t\t\t\t<a href=\"https:\/\/www.arcusin.com\/wp-content\/uploads\/2026\/02\/fima_2026_maquinas_arcusin_50a-scaled.png\"><img loading=\"lazy\" decoding=\"async\" width=\"800\" height=\"600\" src=\"https:\/\/www.arcusin.com\/wp-content\/uploads\/2026\/02\/fima_2026_maquinas_arcusin_50a-1024x768.png\" class=\"attachment-large size-large\" alt=\"\" srcset=\"https:\/\/www.arcusin.com\/wp-content\/uploads\/2026\/02\/fima_2026_maquinas_arcusin_50a-1024x768.png 1024w, https:\/\/www.arcusin.com\/wp-content\/uploads\/2026\/02\/fima_2026_maquinas_arcusin_50a-300x225.png 300w, https:\/\/www.arcusin.com\/wp-content\/uploads\/2026\/02\/fima_2026_maquinas_arcusin_50a-768x576.png 768w, https:\/\/www.arcusin.com\/wp-content\/uploads\/2026\/02\/fima_2026_maquinas_arcusin_50a-1536x1152.png 1536w, https:\/\/www.arcusin.com\/wp-content\/uploads\/2026\/02\/fima_2026_maquinas_arcusin_50a-2048x1536.png 2048w, https:\/\/www.arcusin.com\/wp-content\/uploads\/2026\/02\/fima_2026_maquinas_arcusin_50a-600x450.png 600w\" sizes=\"auto, (max-width: 800px) 100vw, 800px\" \/><\/a>\n\t\t\t<\/div><\/figure><figure class='gallery-item'>\n\t\t\t<div class='gallery-icon landscape'>\n\t\t\t\t<a href=\"https:\/\/www.arcusin.com\/wp-content\/uploads\/2026\/02\/fima_2026_maquinas_arcusin_50a_1-scaled.png\"><img loading=\"lazy\" decoding=\"async\" width=\"800\" height=\"600\" src=\"https:\/\/www.arcusin.com\/wp-content\/uploads\/2026\/02\/fima_2026_maquinas_arcusin_50a_1-1024x768.png\" class=\"attachment-large size-large\" alt=\"\" srcset=\"https:\/\/www.arcusin.com\/wp-content\/uploads\/2026\/02\/fima_2026_maquinas_arcusin_50a_1-1024x768.png 1024w, https:\/\/www.arcusin.com\/wp-content\/uploads\/2026\/02\/fima_2026_maquinas_arcusin_50a_1-300x225.png 300w, https:\/\/www.arcusin.com\/wp-content\/uploads\/2026\/02\/fima_2026_maquinas_arcusin_50a_1-768x576.png 768w, https:\/\/www.arcusin.com\/wp-content\/uploads\/2026\/02\/fima_2026_maquinas_arcusin_50a_1-1536x1152.png 1536w, https:\/\/www.arcusin.com\/wp-content\/uploads\/2026\/02\/fima_2026_maquinas_arcusin_50a_1-2048x1536.png 2048w, https:\/\/www.arcusin.com\/wp-content\/uploads\/2026\/02\/fima_2026_maquinas_arcusin_50a_1-600x450.png 600w\" sizes=\"auto, (max-width: 800px) 100vw, 800px\" \/><\/a>\n\t\t\t<\/div><\/figure><figure class='gallery-item'>\n\t\t\t<div class='gallery-icon landscape'>\n\t\t\t\t<a href=\"https:\/\/www.arcusin.com\/wp-content\/uploads\/2026\/02\/fima_2026_maquinas_arcusin_50a_3-scaled.png\"><img loading=\"lazy\" decoding=\"async\" width=\"800\" height=\"600\" src=\"https:\/\/www.arcusin.com\/wp-content\/uploads\/2026\/02\/fima_2026_maquinas_arcusin_50a_3-1024x768.png\" class=\"attachment-large size-large\" alt=\"\" srcset=\"https:\/\/www.arcusin.com\/wp-content\/uploads\/2026\/02\/fima_2026_maquinas_arcusin_50a_3-1024x768.png 1024w, https:\/\/www.arcusin.com\/wp-content\/uploads\/2026\/02\/fima_2026_maquinas_arcusin_50a_3-300x225.png 300w, https:\/\/www.arcusin.com\/wp-content\/uploads\/2026\/02\/fima_2026_maquinas_arcusin_50a_3-768x576.png 768w, https:\/\/www.arcusin.com\/wp-content\/uploads\/2026\/02\/fima_2026_maquinas_arcusin_50a_3-1536x1152.png 1536w, https:\/\/www.arcusin.com\/wp-content\/uploads\/2026\/02\/fima_2026_maquinas_arcusin_50a_3-2048x1536.png 2048w, https:\/\/www.arcusin.com\/wp-content\/uploads\/2026\/02\/fima_2026_maquinas_arcusin_50a_3-600x450.png 600w\" sizes=\"auto, (max-width: 800px) 100vw, 800px\" \/><\/a>\n\t\t\t<\/div><\/figure>\n\t\t<\/div>\n\n<div class=\"flex flex-col text-sm pb-25\">\n<article class=\"text-token-text-primary w-full focus:outline-none [--shadow-height:45px] has-data-writing-block:pointer-events-none has-data-writing-block:-mt-(--shadow-height) has-data-writing-block:pt-(--shadow-height) [&amp;:has([data-writing-block])&gt;*]:pointer-events-auto scroll-mt-[calc(var(--header-height)+min(200px,max(70px,20svh)))]\" dir=\"auto\" tabindex=\"-1\" data-turn-id=\"request-WEB:1482427f-483a-47e5-8c43-4148e7e4474c-5\" data-testid=\"conversation-turn-12\" data-scroll-anchor=\"true\" data-turn=\"assistant\">\n<div class=\"text-base my-auto mx-auto pb-10 [--thread-content-margin:--spacing(4)] @w-sm\/main:[--thread-content-margin:--spacing(6)] @w-lg\/main:[--thread-content-margin:--spacing(16)] px-(--thread-content-margin)\">\n<div class=\"[--thread-content-max-width:40rem] @w-lg\/main:[--thread-content-max-width:48rem] mx-auto max-w-(--thread-content-max-width) flex-1 group\/turn-messages focus-visible:outline-hidden relative flex w-full min-w-0 flex-col agent-turn\" tabindex=\"-1\">\n<div class=\"flex max-w-full flex-col grow\">\n<div class=\"min-h-8 text-message relative flex w-full flex-col items-end gap-2 text-start break-words whitespace-normal [.text-message+&amp;]:mt-1\" dir=\"auto\" data-message-author-role=\"assistant\" data-message-id=\"a0c4fca7-082b-48e4-8204-329c8380c922\" data-message-model-slug=\"gpt-5-mini\">\n<div class=\"flex w-full flex-col gap-1 empty:hidden first:pt-[1px]\">\n<div class=\"markdown prose dark:prose-invert w-full wrap-break-word light markdown-new-styling\">\n<p data-start=\"35\" data-end=\"500\" data-is-last-node=\"\" data-is-only-node=\"\">FIMA es siempre ese punto de encuentro para que adem\u00e1s de mostrar, explicar y testear nuestras soluciones tambi\u00e9n sirve para agradecer y conectar a toda la comunidad agr\u00edcola. Esta edici\u00f3n del a\u00f1o 2026 termina con un gran sabor de boca. El aire de positivismo y uni\u00f3n que se respiraba cada d\u00eda es un indicador que el sector est\u00e1 m\u00e1s unido que nunca pese las adversidades que acechan el d\u00eda d\u00eda. Adem\u00e1s, volver a conectar con todos nuestros clientes, poner cara a toda esa gente que no conoc\u00edamos y entre todos seguir trabajando para aportar la mejor tecnolog\u00eda al agricultor para ser estar preparados para el futuro.<\/p>\n<\/div>\n<\/div>\n<\/div>\n<\/div>\n<\/div>\n<\/div>\n<\/article>\n<\/div>\n<div class=\"pointer-events-none h-px w-px absolute bottom-0\" aria-hidden=\"true\" data-edge=\"true\"><\/div>\n","protected":false},"excerpt":{"rendered":"<p>En 2026, Arcusin celebr\u00f3 su 50\u00ba aniversario en FIMA, destacando la innovaci\u00f3n de sus m\u00e1quinas, la alianza con IFM y los vibradores AutoPick, reforzando control, eficiencia y competitividad del sector agr\u00edcola.<\/p>\n","protected":false},"author":189,"featured_media":70848,"comment_status":"closed","ping_status":"closed","sticky":false,"template":"","format":"standard","meta":{"content-type":"","footnotes":""},"categories":[378],"tags":[],"class_list":["post-70779","post","type-post","status-publish","format-standard","has-post-thumbnail","hentry","category-exposiciones-y-eventos"],"_links":{"self":[{"href":"https:\/\/www.arcusin.com\/es\/wp-json\/wp\/v2\/posts\/70779","targetHints":{"allow":["GET"]}}],"collection":[{"href":"https:\/\/www.arcusin.com\/es\/wp-json\/wp\/v2\/posts"}],"about":[{"href":"https:\/\/www.arcusin.com\/es\/wp-json\/wp\/v2\/types\/post"}],"author":[{"embeddable":true,"href":"https:\/\/www.arcusin.com\/es\/wp-json\/wp\/v2\/users\/189"}],"replies":[{"embeddable":true,"href":"https:\/\/www.arcusin.com\/es\/wp-json\/wp\/v2\/comments?post=70779"}],"version-history":[{"count":37,"href":"https:\/\/www.arcusin.com\/es\/wp-json\/wp\/v2\/posts\/70779\/revisions"}],"predecessor-version":[{"id":71154,"href":"https:\/\/www.arcusin.com\/es\/wp-json\/wp\/v2\/posts\/70779\/revisions\/71154"}],"wp:featuredmedia":[{"embeddable":true,"href":"https:\/\/www.arcusin.com\/es\/wp-json\/wp\/v2\/media\/70848"}],"wp:attachment":[{"href":"https:\/\/www.arcusin.com\/es\/wp-json\/wp\/v2\/media?parent=70779"}],"wp:term":[{"taxonomy":"category","embeddable":true,"href":"https:\/\/www.arcusin.com\/es\/wp-json\/wp\/v2\/categories?post=70779"},{"taxonomy":"post_tag","embeddable":true,"href":"https:\/\/www.arcusin.com\/es\/wp-json\/wp\/v2\/tags?post=70779"}],"curies":[{"name":"wp","href":"https:\/\/api.w.org\/{rel}","templated":true}]}}