{"id":70892,"date":"2026-02-23T07:34:51","date_gmt":"2026-02-23T06:34:51","guid":{"rendered":"https:\/\/www.arcusin.com\/?p=70892"},"modified":"2026-02-23T09:49:21","modified_gmt":"2026-02-23T08:49:21","slug":"fima-2026-arcusin","status":"publish","type":"post","link":"https:\/\/www.arcusin.com\/de\/fima-2026-arcusin\/","title":{"rendered":"Arcusin auf der FIMA 2026: 50 Jahre an der Seite derer, die die Welt ern\u00e4hren"},"content":{"rendered":"<div class=\"flex flex-col text-sm\">\n<article class=\"text-token-text-primary w-full focus:outline-none [--shadow-height:45px] has-data-writing-block:pointer-events-none has-data-writing-block:-mt-(--shadow-height) has-data-writing-block:pt-(--shadow-height) [&amp;:has([data-writing-block])&gt;*]:pointer-events-auto scroll-mt-[calc(var(--header-height)+min(200px,max(70px,20svh)))]\" dir=\"auto\" tabindex=\"-1\" data-turn-id=\"request-WEB:6c7471ba-6cc2-4f2a-892f-ed0352c28f97-7\" data-testid=\"conversation-turn-14\" data-scroll-anchor=\"true\" data-turn=\"assistant\">\n<div class=\"text-base my-auto mx-auto pb-10 [--thread-content-margin:--spacing(4)] @w-sm\/main:[--thread-content-margin:--spacing(6)] @w-lg\/main:[--thread-content-margin:--spacing(16)] px-(--thread-content-margin)\">\n<div class=\"[--thread-content-max-width:40rem] @w-lg\/main:[--thread-content-max-width:48rem] mx-auto max-w-(--thread-content-max-width) flex-1 group\/turn-messages focus-visible:outline-hidden relative flex w-full min-w-0 flex-col agent-turn\" tabindex=\"-1\">\n<p>2026 kehrte Arcusin zur Internationalen Landmaschinenmesse (FIMA) zur\u00fcck, um gemeinsam mit den Landwirten und Agrarproduzenten unser 50-j\u00e4hriges Jubil\u00e4um zu feiern. Die FIMA fand vom 10. bis 14. Februar auf dem Messegel\u00e4nde in Saragossa statt und \u00fcbertraf mit \u00fcber 187.875 Besuchern und 638 Ausstellern aus mehr als 35 L\u00e4ndern alle Erwartungen der Vorjahre. Die Messe schloss ihre 44. Auflage mit gro\u00dfem Erfolg ab und bleibt ein Ma\u00dfstab f\u00fcr Innovation und technologischen Wandel in der Landwirtschaft. Die wichtigste Landwirtschaftsmesse Spaniens bot den idealen Rahmen, um den Kontakt zu den Landwirten unseres Landes zu pflegen und ihnen f\u00fcr ihren t\u00e4glichen Einsatz zu danken.<\/p>\n<p>W\u00e4hrend der Messe verzeichnete unser Stand einen hohen Besucherandrang. Unsere spezialisierten Landmaschinen stie\u00dfen auf gro\u00dfes Interesse, insbesondere unsere innovativen <a href=\"https:\/\/www.arcusin.com\/de\/products\/autopick-gti-de\/\" target=\"_blank\" rel=\"noopener\">Vibratoren f\u00fcr N\u00fcsse und Oliven<\/a>, die Modelle <a href=\"https:\/\/www.arcusin.com\/de\/products\/autopick-gti-de\/\" target=\"_blank\" rel=\"noopener\">AutoPick GTi<\/a> und <a href=\"https:\/\/www.arcusin.com\/de\/products\/autopick-mt\/\" target=\"_blank\" rel=\"noopener\">AutoPick MT<\/a>, die nun ein viel breiteres und vielf\u00e4ltigeres Publikum erreichen. Unser Vertriebsteam war an jedem Messetag vor Ort, beantwortete Fragen der Besucher, lernte neue Kunden kennen und ging auf deren Anliegen ein, begr\u00fc\u00dfte bekannte Gesichter und erinnerte sich an vergangene Kampagnen und die Erfolgsgeschichten der von uns verkauften Maschinen.<\/p>\n<\/div>\n<\/div>\n<\/article>\n<\/div>\n<div tabindex=\"-1\">\n<div id='gallery-1' class='gallery galleryid-70892 gallery-columns-3 gallery-size-large'><figure class='gallery-item'>\n\t\t\t<div class='gallery-icon landscape'>\n\t\t\t\t<img loading=\"lazy\" decoding=\"async\" width=\"800\" height=\"601\" src=\"https:\/\/www.arcusin.com\/wp-content\/uploads\/2026\/02\/fima_2026_equipo_comercial-3-4-1024x769.jpg\" class=\"attachment-large size-large\" alt=\"\" srcset=\"https:\/\/www.arcusin.com\/wp-content\/uploads\/2026\/02\/fima_2026_equipo_comercial-3-4-1024x769.jpg 1024w, https:\/\/www.arcusin.com\/wp-content\/uploads\/2026\/02\/fima_2026_equipo_comercial-3-4-300x225.jpg 300w, https:\/\/www.arcusin.com\/wp-content\/uploads\/2026\/02\/fima_2026_equipo_comercial-3-4-768x577.jpg 768w, https:\/\/www.arcusin.com\/wp-content\/uploads\/2026\/02\/fima_2026_equipo_comercial-3-4-600x451.jpg 600w, https:\/\/www.arcusin.com\/wp-content\/uploads\/2026\/02\/fima_2026_equipo_comercial-3-4.jpg 1080w\" sizes=\"auto, (max-width: 800px) 100vw, 800px\" \/>\n\t\t\t<\/div><\/figure><figure class='gallery-item'>\n\t\t\t<div class='gallery-icon landscape'>\n\t\t\t\t<img loading=\"lazy\" decoding=\"async\" width=\"800\" height=\"601\" src=\"https:\/\/www.arcusin.com\/wp-content\/uploads\/2026\/02\/fima_2026_equipo_comercial-1-4-1024x769.jpg\" class=\"attachment-large size-large\" alt=\"\" srcset=\"https:\/\/www.arcusin.com\/wp-content\/uploads\/2026\/02\/fima_2026_equipo_comercial-1-4-1024x769.jpg 1024w, https:\/\/www.arcusin.com\/wp-content\/uploads\/2026\/02\/fima_2026_equipo_comercial-1-4-300x225.jpg 300w, https:\/\/www.arcusin.com\/wp-content\/uploads\/2026\/02\/fima_2026_equipo_comercial-1-4-768x577.jpg 768w, https:\/\/www.arcusin.com\/wp-content\/uploads\/2026\/02\/fima_2026_equipo_comercial-1-4-600x451.jpg 600w, https:\/\/www.arcusin.com\/wp-content\/uploads\/2026\/02\/fima_2026_equipo_comercial-1-4.jpg 1080w\" sizes=\"auto, (max-width: 800px) 100vw, 800px\" \/>\n\t\t\t<\/div><\/figure><figure class='gallery-item'>\n\t\t\t<div class='gallery-icon landscape'>\n\t\t\t\t<img loading=\"lazy\" decoding=\"async\" width=\"800\" height=\"600\" src=\"https:\/\/www.arcusin.com\/wp-content\/uploads\/2026\/02\/fima_2026_equipo_comercial-2-4-1024x768.jpg\" class=\"attachment-large size-large\" alt=\"\" srcset=\"https:\/\/www.arcusin.com\/wp-content\/uploads\/2026\/02\/fima_2026_equipo_comercial-2-4-1024x768.jpg 1024w, https:\/\/www.arcusin.com\/wp-content\/uploads\/2026\/02\/fima_2026_equipo_comercial-2-4-300x225.jpg 300w, https:\/\/www.arcusin.com\/wp-content\/uploads\/2026\/02\/fima_2026_equipo_comercial-2-4-768x576.jpg 768w, https:\/\/www.arcusin.com\/wp-content\/uploads\/2026\/02\/fima_2026_equipo_comercial-2-4-600x450.jpg 600w, https:\/\/www.arcusin.com\/wp-content\/uploads\/2026\/02\/fima_2026_equipo_comercial-2-4.jpg 1080w\" sizes=\"auto, (max-width: 800px) 100vw, 800px\" \/>\n\t\t\t<\/div><\/figure>\n\t\t<\/div>\n\n<\/div>\n<h3 data-start=\"435\" data-end=\"501\">IFM: Technologie im Dienste der Landwirtschaft<\/h3>\n<p><img loading=\"lazy\" decoding=\"async\" class=\"wp-image-70861 aligncenter\" src=\"https:\/\/www.arcusin.com\/wp-content\/uploads\/2026\/02\/FIMA_2026_arcusin_Ifm_colaboracion_2.jpg\" alt=\"\" width=\"800\" height=\"493\" srcset=\"https:\/\/www.arcusin.com\/wp-content\/uploads\/2026\/02\/FIMA_2026_arcusin_Ifm_colaboracion_2.jpg 987w, https:\/\/www.arcusin.com\/wp-content\/uploads\/2026\/02\/FIMA_2026_arcusin_Ifm_colaboracion_2-300x185.jpg 300w, https:\/\/www.arcusin.com\/wp-content\/uploads\/2026\/02\/FIMA_2026_arcusin_Ifm_colaboracion_2-768x473.jpg 768w, https:\/\/www.arcusin.com\/wp-content\/uploads\/2026\/02\/FIMA_2026_arcusin_Ifm_colaboracion_2-600x370.jpg 600w\" sizes=\"auto, (max-width: 800px) 100vw, 800px\" \/><\/p>\n<p>Auf der FIMA st\u00e4rkte Arcusin seine Technologiepartnerschaft mit <a href=\"https:\/\/www.ifm.com\/ar\/es\/shared\/successstories\/reports\/arcusin\" target=\"_blank\" rel=\"noopener\">IFM<\/a>, einem f\u00fchrenden Anbieter intelligenter Steuerungs- und Sensortechnik. Diese Zusammenarbeit integriert fortschrittliche \u00dcberwachungssysteme, Joysticks und Sensoren in unsere Landmaschinen und garantiert so eine pr\u00e4zise, \u200b\u200bsichere und intuitive Steuerung. Dadurch werden die Betriebsbereitschaft und die Leistung auf dem Feld verbessert.<\/p>\n<p>W\u00e4hrend der Messe wollten wir das Potenzial dieses intelligenten Steuerungssystems demonstrieren. Was lag da n\u00e4her, als es in unsere ausgestellten Maschinen zu integrieren? So war es auch: Beim <a href=\"https:\/\/www.arcusin.com\/de\/products\/autostack-xp-de\/\" target=\"_blank\" rel=\"noopener\">AutoStack XP<\/a> und beim <a href=\"https:\/\/www.arcusin.com\/de\/products\/multipack\/\" target=\"_blank\" rel=\"noopener\">MultiPack E14<\/a> war der interaktive Bildschirm aktiviert. Besucher konnten das System testen, sich \u00fcber seine Funktionen informieren und die hohe Steuerungsgenauigkeit des neuen 7-Zoll-Touchscreens selbst erleben. \u00dcber eine einzige Benutzeroberfl\u00e4che haben Sie nun Zugriff auf Echtzeitinformationen wie Z\u00e4hler, Aktivit\u00e4tsprotokolle, Diagnosedaten und automatische Warnmeldungen.<\/p>\n<h2>Saisonvorbereitung: Der Schl\u00fcssel zum Erfolg in der Landwirtschaft<\/h2>\n<p><center><iframe loading=\"lazy\" title=\"YouTube video player\" src=\"https:\/\/www.youtube.com\/embed\/tKZk2NBpXz4?si=n-XMtPdpUpUDIcay\" width=\"800\" height=\"600\" frameborder=\"0\" allowfullscreen=\"allowfullscreen\"><span data-mce-type=\"bookmark\" style=\"display: inline-block; width: 0px; overflow: hidden; line-height: 0;\" class=\"mce_SELRES_start\">\ufeff<\/span><span data-mce-type=\"bookmark\" style=\"display: inline-block; width: 0px; overflow: hidden; line-height: 0;\" class=\"mce_SELRES_start\">\ufeff<\/span><\/iframe><\/center>Einer der wichtigsten Services auf der Messe war unser exklusiver Vorsaison-Wartungsservice, der unseren Kunden den Erfolg der kommenden Saison sichert. So sind die Maschinen rechtzeitig zum Saisonstart einsatzbereit. Landwirte k\u00f6nnen ihre Ger\u00e4te damit inspizieren, einstellen und vorbereiten. Das gew\u00e4hrleistet optimale Leistung, reduziert das Ausfallrisiko in der Saison 2026 und verl\u00e4ngert die Lebensdauer der Maschinen.<\/p>\n<h2>Institutionelle Veranstaltung mit AGRAGEX: St\u00e4rkung der Beziehungen<\/h2>\n<p>Im Rahmen der Messe in Saragossa hielt <a href=\"https:\/\/agragex.es\/\" target=\"_blank\" rel=\"noopener\">AGRAGEX<\/a>, der spanische Verband der Landmaschinenhersteller und -exporteure, seine Generalversammlung ab. Das Treffen bot Gelegenheit zum Wissens- und Erfahrungsaustausch und st\u00e4rkte die Zusammenarbeit zwischen Unternehmen und Verb\u00e4nden, um Innovation und Produktivit\u00e4t im Agrarsektor weiter voranzutreiben.<\/p>\n<p>Dar\u00fcber hinaus war es ein besonders bereichernder Tag, an dem wir uns mit Branchenkollegen austauschten und eine gute Zeit verbrachten. So konnten wir die Beziehungen innerhalb der Branche festigen und eine gemeinsame Vision von Wachstum und kontinuierlicher Verbesserung bekr\u00e4ftigen.<\/p>\n<h2>Arcusin-Vibratoren \u00fcberzeugen auf der FIMA durch Effizienz und Zuverl\u00e4ssigkeit.<\/h2>\n<div id='gallery-2' class='gallery galleryid-70892 gallery-columns-3 gallery-size-large'><figure class='gallery-item'>\n\t\t\t<div class='gallery-icon landscape'>\n\t\t\t\t<a href=\"https:\/\/www.arcusin.com\/de\/fima-2026-arcusin\/fima_arcusin_2026_50_aniversario_0-8\/\"><img loading=\"lazy\" decoding=\"async\" width=\"800\" height=\"600\" src=\"https:\/\/www.arcusin.com\/wp-content\/uploads\/2026\/02\/FIMA_Arcusin_2026_50_aniversario_0-8-1024x768.png\" class=\"attachment-large size-large\" alt=\"\" srcset=\"https:\/\/www.arcusin.com\/wp-content\/uploads\/2026\/02\/FIMA_Arcusin_2026_50_aniversario_0-8-1024x768.png 1024w, https:\/\/www.arcusin.com\/wp-content\/uploads\/2026\/02\/FIMA_Arcusin_2026_50_aniversario_0-8-300x225.png 300w, https:\/\/www.arcusin.com\/wp-content\/uploads\/2026\/02\/FIMA_Arcusin_2026_50_aniversario_0-8-768x576.png 768w, https:\/\/www.arcusin.com\/wp-content\/uploads\/2026\/02\/FIMA_Arcusin_2026_50_aniversario_0-8-1536x1152.png 1536w, https:\/\/www.arcusin.com\/wp-content\/uploads\/2026\/02\/FIMA_Arcusin_2026_50_aniversario_0-8-2048x1536.png 2048w, https:\/\/www.arcusin.com\/wp-content\/uploads\/2026\/02\/FIMA_Arcusin_2026_50_aniversario_0-8-600x450.png 600w\" sizes=\"auto, (max-width: 800px) 100vw, 800px\" \/><\/a>\n\t\t\t<\/div><\/figure><figure class='gallery-item'>\n\t\t\t<div class='gallery-icon landscape'>\n\t\t\t\t<a href=\"https:\/\/www.arcusin.com\/de\/fima-2026-arcusin\/fima_arcusin_2026_50_aniversario_0-13\/\"><img loading=\"lazy\" decoding=\"async\" width=\"800\" height=\"600\" src=\"https:\/\/www.arcusin.com\/wp-content\/uploads\/2026\/02\/FIMA_Arcusin_2026_50_aniversario_0-13-1024x768.png\" class=\"attachment-large size-large\" alt=\"\" srcset=\"https:\/\/www.arcusin.com\/wp-content\/uploads\/2026\/02\/FIMA_Arcusin_2026_50_aniversario_0-13-1024x768.png 1024w, https:\/\/www.arcusin.com\/wp-content\/uploads\/2026\/02\/FIMA_Arcusin_2026_50_aniversario_0-13-300x225.png 300w, https:\/\/www.arcusin.com\/wp-content\/uploads\/2026\/02\/FIMA_Arcusin_2026_50_aniversario_0-13-768x576.png 768w, https:\/\/www.arcusin.com\/wp-content\/uploads\/2026\/02\/FIMA_Arcusin_2026_50_aniversario_0-13-1536x1152.png 1536w, https:\/\/www.arcusin.com\/wp-content\/uploads\/2026\/02\/FIMA_Arcusin_2026_50_aniversario_0-13-2048x1536.png 2048w, https:\/\/www.arcusin.com\/wp-content\/uploads\/2026\/02\/FIMA_Arcusin_2026_50_aniversario_0-13-600x450.png 600w\" sizes=\"auto, (max-width: 800px) 100vw, 800px\" \/><\/a>\n\t\t\t<\/div><\/figure><figure class='gallery-item'>\n\t\t\t<div class='gallery-icon landscape'>\n\t\t\t\t<a href=\"https:\/\/www.arcusin.com\/de\/fima-2026-arcusin\/fima_arcusin_2026_50_aniversario_0-11\/\"><img loading=\"lazy\" decoding=\"async\" width=\"800\" height=\"600\" src=\"https:\/\/www.arcusin.com\/wp-content\/uploads\/2026\/02\/FIMA_Arcusin_2026_50_aniversario_0-11-1024x768.png\" class=\"attachment-large size-large\" alt=\"\" srcset=\"https:\/\/www.arcusin.com\/wp-content\/uploads\/2026\/02\/FIMA_Arcusin_2026_50_aniversario_0-11-1024x768.png 1024w, https:\/\/www.arcusin.com\/wp-content\/uploads\/2026\/02\/FIMA_Arcusin_2026_50_aniversario_0-11-300x225.png 300w, https:\/\/www.arcusin.com\/wp-content\/uploads\/2026\/02\/FIMA_Arcusin_2026_50_aniversario_0-11-768x576.png 768w, https:\/\/www.arcusin.com\/wp-content\/uploads\/2026\/02\/FIMA_Arcusin_2026_50_aniversario_0-11-1536x1152.png 1536w, https:\/\/www.arcusin.com\/wp-content\/uploads\/2026\/02\/FIMA_Arcusin_2026_50_aniversario_0-11-2048x1536.png 2048w, https:\/\/www.arcusin.com\/wp-content\/uploads\/2026\/02\/FIMA_Arcusin_2026_50_aniversario_0-11-600x450.png 600w\" sizes=\"auto, (max-width: 800px) 100vw, 800px\" \/><\/a>\n\t\t\t<\/div><\/figure>\n\t\t<\/div>\n\n<p>Unter den ausgestellten <a href=\"https:\/\/www.arcusin.com\/de\/walnuss-und-oliven-schuettler\/\" target=\"_blank\" rel=\"noopener\">Maschinen zogen die Obst- und Olivenernter die<\/a> Aufmerksamkeit der Besucher auf sich. Die Erntemaschinen \u00fcberzeugten durch ihr Design, ihre Effizienz, ihre einfache Integration und ihre baumschonende Arbeitsweise. Wir durften zudem zahlreiche Kunden aus ganz Spanien bei uns begr\u00fc\u00dfen und konnten uns so von der hervorragenden Leistung unserer Landmaschinen w\u00e4hrend der Ernte und dem gegenseitigen Vertrauen zwischen Landwirten und Arcusin \u00fcberzeugen. <a href=\"https:\/\/www.instagram.com\/p\/DUsYQr8DQ3r\/\" target=\"_blank\" rel=\"noopener\">Ein Paradebeispiel daf\u00fcr war der Besuch von Jos\u00e9 Mar\u00eda D\u00edaz, einem langj\u00e4hrigen Kunden, der seit \u00fcber 22 Saisons dieselbe Maschine von uns einsetzt<\/a>. Diese Maschine, die er vor mehr als zwei Jahrzehnten erworben hat, ist ein greifbarer Beweis f\u00fcr die Qualit\u00e4t unserer Agrarl\u00f6sungen, die auf konstante Leistung, Zuverl\u00e4ssigkeit im Feld und eine lange Lebensdauer ausgelegt sind. F\u00e4lle wie der von Jos\u00e9 Mar\u00eda D\u00edaz bekr\u00e4ftigen unser Engagement f\u00fcr Langlebigkeit, Effizienz und langfristige Investitionen f\u00fcr unsere Kunden.<\/p>\n<p>Abschlie\u00dfend m\u00f6chten wir einen entscheidenden Vorteil unserer Erntemaschinen hervorheben, der insbesondere f\u00fcr die Baumpflege von Bedeutung ist: Sie verf\u00fcgen \u00fcber ein Vibrationssystem, das den Baum auch bei wiederholter Ernte nicht besch\u00e4digt. Dar\u00fcber hinaus verk\u00fcrzt es die Erntezeit f\u00fcr N\u00fcsse und Oliven deutlich und optimiert die Leistung des Ernteteams. Dies steigert die betriebliche Effizienz und erm\u00f6glicht nachhaltiges Wachstum mit immer h\u00f6heren Ertr\u00e4gen.<\/p>\n<p>Die Vibratoren <a href=\"https:\/\/www.arcusin.com\/de\/products\/autopick-mt\/\" target=\"_blank\" rel=\"noopener\">AutoPick MT<\/a> und <a href=\"https:\/\/www.arcusin.com\/de\/products\/autopick-gti-de\/\" target=\"_blank\" rel=\"noopener\">AutoPick GTi<\/a> wurden auf der FIMA 2026 als herausragende Produkte ausgezeichnet und unterstreichen unsere f\u00fchrende Position bei L\u00f6sungen, die Ihren landwirtschaftlichen Betrieb auf die n\u00e4chste Stufe heben.<\/p>\n<h2>FIMA 2026 Arcusin: 50 Jahre Agrarinnovation<\/h2>\n<div id='gallery-3' class='gallery galleryid-70892 gallery-columns-3 gallery-size-large'><figure class='gallery-item'>\n\t\t\t<div class='gallery-icon landscape'>\n\t\t\t\t<a href=\"https:\/\/www.arcusin.com\/wp-content\/uploads\/2026\/02\/fima_2026_maquinas_arcusin_50a_1-2-scaled.png\"><img loading=\"lazy\" decoding=\"async\" width=\"800\" height=\"600\" src=\"https:\/\/www.arcusin.com\/wp-content\/uploads\/2026\/02\/fima_2026_maquinas_arcusin_50a_1-2-1024x768.png\" class=\"attachment-large size-large\" alt=\"\" srcset=\"https:\/\/www.arcusin.com\/wp-content\/uploads\/2026\/02\/fima_2026_maquinas_arcusin_50a_1-2-1024x768.png 1024w, https:\/\/www.arcusin.com\/wp-content\/uploads\/2026\/02\/fima_2026_maquinas_arcusin_50a_1-2-300x225.png 300w, https:\/\/www.arcusin.com\/wp-content\/uploads\/2026\/02\/fima_2026_maquinas_arcusin_50a_1-2-768x576.png 768w, https:\/\/www.arcusin.com\/wp-content\/uploads\/2026\/02\/fima_2026_maquinas_arcusin_50a_1-2-1536x1152.png 1536w, https:\/\/www.arcusin.com\/wp-content\/uploads\/2026\/02\/fima_2026_maquinas_arcusin_50a_1-2-2048x1536.png 2048w, https:\/\/www.arcusin.com\/wp-content\/uploads\/2026\/02\/fima_2026_maquinas_arcusin_50a_1-2-600x450.png 600w\" sizes=\"auto, (max-width: 800px) 100vw, 800px\" \/><\/a>\n\t\t\t<\/div><\/figure><figure class='gallery-item'>\n\t\t\t<div class='gallery-icon landscape'>\n\t\t\t\t<a href=\"https:\/\/www.arcusin.com\/wp-content\/uploads\/2026\/02\/fima_2026_maquinas_arcusin_50a_3-2-scaled.png\"><img loading=\"lazy\" decoding=\"async\" width=\"800\" height=\"600\" src=\"https:\/\/www.arcusin.com\/wp-content\/uploads\/2026\/02\/fima_2026_maquinas_arcusin_50a_3-2-1024x768.png\" class=\"attachment-large size-large\" alt=\"\" srcset=\"https:\/\/www.arcusin.com\/wp-content\/uploads\/2026\/02\/fima_2026_maquinas_arcusin_50a_3-2-1024x768.png 1024w, https:\/\/www.arcusin.com\/wp-content\/uploads\/2026\/02\/fima_2026_maquinas_arcusin_50a_3-2-300x225.png 300w, https:\/\/www.arcusin.com\/wp-content\/uploads\/2026\/02\/fima_2026_maquinas_arcusin_50a_3-2-768x576.png 768w, https:\/\/www.arcusin.com\/wp-content\/uploads\/2026\/02\/fima_2026_maquinas_arcusin_50a_3-2-1536x1152.png 1536w, https:\/\/www.arcusin.com\/wp-content\/uploads\/2026\/02\/fima_2026_maquinas_arcusin_50a_3-2-2048x1536.png 2048w, https:\/\/www.arcusin.com\/wp-content\/uploads\/2026\/02\/fima_2026_maquinas_arcusin_50a_3-2-600x450.png 600w\" sizes=\"auto, (max-width: 800px) 100vw, 800px\" \/><\/a>\n\t\t\t<\/div><\/figure><figure class='gallery-item'>\n\t\t\t<div class='gallery-icon landscape'>\n\t\t\t\t<a href=\"https:\/\/www.arcusin.com\/wp-content\/uploads\/2026\/02\/fima_2026_maquinas_arcusin_50a-3-scaled.png\"><img loading=\"lazy\" decoding=\"async\" width=\"800\" height=\"600\" src=\"https:\/\/www.arcusin.com\/wp-content\/uploads\/2026\/02\/fima_2026_maquinas_arcusin_50a-3-1024x768.png\" class=\"attachment-large size-large\" alt=\"\" srcset=\"https:\/\/www.arcusin.com\/wp-content\/uploads\/2026\/02\/fima_2026_maquinas_arcusin_50a-3-1024x768.png 1024w, https:\/\/www.arcusin.com\/wp-content\/uploads\/2026\/02\/fima_2026_maquinas_arcusin_50a-3-300x225.png 300w, https:\/\/www.arcusin.com\/wp-content\/uploads\/2026\/02\/fima_2026_maquinas_arcusin_50a-3-768x576.png 768w, https:\/\/www.arcusin.com\/wp-content\/uploads\/2026\/02\/fima_2026_maquinas_arcusin_50a-3-1536x1152.png 1536w, https:\/\/www.arcusin.com\/wp-content\/uploads\/2026\/02\/fima_2026_maquinas_arcusin_50a-3-2048x1536.png 2048w, https:\/\/www.arcusin.com\/wp-content\/uploads\/2026\/02\/fima_2026_maquinas_arcusin_50a-3-600x450.png 600w\" sizes=\"auto, (max-width: 800px) 100vw, 800px\" \/><\/a>\n\t\t\t<\/div><\/figure>\n\t\t<\/div>\n\n<p>Anl\u00e4sslich der wichtigsten Landwirtschaftsmesse Spaniens wollten wir die kontinuierliche, oft \u00fcbersehene Arbeit der Branche hervorheben und unseren Kunden, Partnern und Herstellern f\u00fcr ihr Engagement danken. Die FIMA war eine herausragende Veranstaltung mit einer lebendigen Messeatmosph\u00e4re und einer optimistischen und solidarischen Stimmung trotz der aktuellen Umst\u00e4nde.<\/p>\n<p>Dar\u00fcber hinaus pr\u00e4sentierten wir unser Jubil\u00e4umslogo zum 50-j\u00e4hrigen Bestehen und bekr\u00e4ftigten damit unser Engagement f\u00fcr Innovation, die Unterst\u00fctzung des Prim\u00e4rsektors und die Entwicklung modernster Technologien und Mechanisierungen, damit unsere Kunden wettbewerbsf\u00e4hig bleiben. Dieser Weg, der \u00fcber Generationen hinweg beschritten wurde, hat sich gemeinsam mit den Landwirten weiterentwickelt und die neuen Herausforderungen der Landwirtschaft antizipiert. Er treibt uns an, mit Kraft, Weitblick und Verantwortungsbewusstsein in die Zukunft zu gehen.<\/p>\n","protected":false},"excerpt":{"rendered":"<p>Im Jahr 2026 feierte Arcusin auf der FIMA sein 50-j\u00e4hriges Bestehen und hob dabei die Innovation seiner Maschinen, die Allianz mit IFM und die AutoPick-Vibratoren hervor, die die Kontrolle, Effizienz und Wettbewerbsf\u00e4higkeit des Agrarsektors st\u00e4rken.<\/p>\n","protected":false},"author":189,"featured_media":70904,"comment_status":"closed","ping_status":"closed","sticky":false,"template":"","format":"standard","meta":{"content-type":"","footnotes":""},"categories":[390],"tags":[],"class_list":["post-70892","post","type-post","status-publish","format-standard","has-post-thumbnail","hentry","category-ausstellungen-und-veranstaltungen"],"_links":{"self":[{"href":"https:\/\/www.arcusin.com\/de\/wp-json\/wp\/v2\/posts\/70892","targetHints":{"allow":["GET"]}}],"collection":[{"href":"https:\/\/www.arcusin.com\/de\/wp-json\/wp\/v2\/posts"}],"about":[{"href":"https:\/\/www.arcusin.com\/de\/wp-json\/wp\/v2\/types\/post"}],"author":[{"embeddable":true,"href":"https:\/\/www.arcusin.com\/de\/wp-json\/wp\/v2\/users\/189"}],"replies":[{"embeddable":true,"href":"https:\/\/www.arcusin.com\/de\/wp-json\/wp\/v2\/comments?post=70892"}],"version-history":[{"count":7,"href":"https:\/\/www.arcusin.com\/de\/wp-json\/wp\/v2\/posts\/70892\/revisions"}],"predecessor-version":[{"id":71063,"href":"https:\/\/www.arcusin.com\/de\/wp-json\/wp\/v2\/posts\/70892\/revisions\/71063"}],"wp:featuredmedia":[{"embeddable":true,"href":"https:\/\/www.arcusin.com\/de\/wp-json\/wp\/v2\/media\/70904"}],"wp:attachment":[{"href":"https:\/\/www.arcusin.com\/de\/wp-json\/wp\/v2\/media?parent=70892"}],"wp:term":[{"taxonomy":"category","embeddable":true,"href":"https:\/\/www.arcusin.com\/de\/wp-json\/wp\/v2\/categories?post=70892"},{"taxonomy":"post_tag","embeddable":true,"href":"https:\/\/www.arcusin.com\/de\/wp-json\/wp\/v2\/tags?post=70892"}],"curies":[{"name":"wp","href":"https:\/\/api.w.org\/{rel}","templated":true}]}}